{"id":271192,"date":"2023-07-19T18:32:13","date_gmt":"2023-07-20T00:32:13","guid":{"rendered":"https:\/\/plazajuarez.mx\/?p=271192"},"modified":"2023-07-19T18:32:15","modified_gmt":"2023-07-20T00:32:15","slug":"cae-nino-en-coladera","status":"publish","type":"post","link":"https:\/\/plazajuarez.mx\/historico\/cae-nino-en-coladera\/","title":{"rendered":"Cae ni\u00f1o en coladera"},"content":{"rendered":"\n<p>Un menor de edad cay\u00f3 en una coladera en el Centro Hist\u00f3rico de Puebla, por lo que de inmediato fue rescatado por comerciantes de la zona.<\/p>\n\n\n\n<p>Los hechos se registraron en la esquina de la 5 de Mayo y la 16 de Septiembre en donde se realizan obras de remodelaci\u00f3n de las calles.<\/p>\n\n\n\n<p>De acuerdo con Foro TV, comerciantes ambulantes de la zona ayudaron al ni\u00f1o a salir de la coladera con el apoyo de una cuerda e inmediatamente lo llevaron con un doctor para su valoraci\u00f3n.<\/p>\n\n\n\n<p>Hasta el momento se desconoce si el menor sufri\u00f3 lesiones de consideraci\u00f3n tras la ca\u00edda.<\/p>\n","protected":false},"excerpt":{"rendered":"<p>Un menor de edad cay\u00f3 en una coladera en el Centro Hist\u00f3rico de Puebla, por lo que de inmediato fue rescatado por comerciantes de la zona. Los hechos se registraron en la esquina de la 5 de Mayo y la 16 de Septiembre en donde se realizan obras de remodelaci\u00f3n de las calles. De acuerdo [&hellip;]<\/p>\n","protected":false},"author":81,"featured_media":271193,"comment_status":"closed","ping_status":"closed","sticky":false,"template":"","format":"standard","meta":{"footnotes":""},"categories":[37],"tags":[],"class_list":["post-271192","post","type-post","status-publish","format-standard","has-post-thumbnail","hentry","category-barandilla"],"_links":{"self":[{"href":"https:\/\/plazajuarez.mx\/historico\/wp-json\/wp\/v2\/posts\/271192","targetHints":{"allow":["GET"]}}],"collection":[{"href":"https:\/\/plazajuarez.mx\/historico\/wp-json\/wp\/v2\/posts"}],"about":[{"href":"https:\/\/plazajuarez.mx\/historico\/wp-json\/wp\/v2\/types\/post"}],"author":[{"embeddable":true,"href":"https:\/\/plazajuarez.mx\/historico\/wp-json\/wp\/v2\/users\/81"}],"replies":[{"embeddable":true,"href":"https:\/\/plazajuarez.mx\/historico\/wp-json\/wp\/v2\/comments?post=271192"}],"version-history":[{"count":0,"href":"https:\/\/plazajuarez.mx\/historico\/wp-json\/wp\/v2\/posts\/271192\/revisions"}],"wp:featuredmedia":[{"embeddable":true,"href":"https:\/\/plazajuarez.mx\/historico\/wp-json\/wp\/v2\/media\/271193"}],"wp:attachment":[{"href":"https:\/\/plazajuarez.mx\/historico\/wp-json\/wp\/v2\/media?parent=271192"}],"wp:term":[{"taxonomy":"category","embeddable":true,"href":"https:\/\/plazajuarez.mx\/historico\/wp-json\/wp\/v2\/categories?post=271192"},{"taxonomy":"post_tag","embeddable":true,"href":"https:\/\/plazajuarez.mx\/historico\/wp-json\/wp\/v2\/tags?post=271192"}],"curies":[{"name":"wp","href":"https:\/\/api.w.org\/{rel}","templated":true}]}}