{"id":271163,"date":"2023-07-20T05:00:00","date_gmt":"2023-07-20T11:00:00","guid":{"rendered":"https:\/\/plazajuarez.mx\/?p=271163"},"modified":"2023-07-19T17:52:55","modified_gmt":"2023-07-19T23:52:55","slug":"portugal","status":"publish","type":"post","link":"https:\/\/plazajuarez.mx\/historico\/portugal\/","title":{"rendered":"Portugal despenaliza el consumo de drogas sint\u00e9ticas"},"content":{"rendered":"\n<p><strong>Las nuevas sustancias se equiparan a las drogas cl\u00e1sicas, para que la posesi\u00f3n destinada al consumo no sea considerada delito<\/strong><\/p>\n\n\n\n<p>El Parlamento portugu\u00e9s aprob\u00f3 ayer la despenalizaci\u00f3n del consumo de drogas sint\u00e9ticas, con una ley que las equipara al r\u00e9gimen de las sustancias cl\u00e1sicas y elimina el criterio de la cantidad de dosis a la hora de diferenciar entre consumidor y traficante, pese a los recelos expresados por especialistas.<\/p>\n\n\n\n<p>Los diputados aprobaron el proyecto elaborado a partir de dos propuestas de los socialistas, que tienen mayor\u00eda absoluta, y del l\u00edder de la oposici\u00f3n, el PSD (centroderecha), que despenalizan el consumo de nuevas sustancias psicotr\u00f3picas.<\/p>\n\n\n\n<p>Las nuevas sustancias se equiparan a las drogas cl\u00e1sicas, para que la posesi\u00f3n destinada al consumo no sea considerada delito.<\/p>\n\n\n\n<p>El objetivo es diferenciar entre los traficantes y los consumidores y que estos puedan recibir tratamiento, en un momento en el que han aumentado las hospitalizaciones psiqui\u00e1tricas ligadas al consumo de estupefacientes sint\u00e9ticos, sobre todo en los archipi\u00e9lagos de Madeira y Azores.<\/p>\n\n\n\n<p>Este enfoque ya se aplica desde el a\u00f1o 2000 en Portugal a las drogas cl\u00e1sicas, con una pol\u00edtica basada en priorizar la salud p\u00fablica.<\/p>\n\n\n\n<p>La ley establec\u00eda hasta ahora que la posesi\u00f3n de hasta diez dosis no se consideraba tr\u00e1fico y no se pod\u00eda castigar, pero los socialistas fueron m\u00e1s all\u00e1 y eliminaron el criterio de la cantidad.<\/p>\n\n\n\n<p>A partir de ahora, la cantidad de droga ser\u00e1 s\u00f3lo un &#8220;indicio&#8221; y no un criterio condenatorio, para que los jueces eval\u00faen con m\u00e1s libertad la situaci\u00f3n a fin de determinar si una persona es un traficante o s\u00f3lo un consumidor.<\/p>\n\n\n\n<p>&#8220;Alguien encontrado con 15 dosis, porque vive en el interior del pa\u00eds y va a un centro urbano a comprar m\u00e1s barata la droga para consumo propio, no puede ser autom\u00e1ticamente tratado como un criminal y condenado a una pena&#8221;, defendi\u00f3 la diputada socialista Cl\u00e1udia Santos.<\/p>\n\n\n\n<p>La propuesta suscit\u00f3 recelo entre especialistas, por el miedo a que los traficantes puedan justificar la posesi\u00f3n de drogas al eliminar el criterio de la cantidad.<\/p>\n","protected":false},"excerpt":{"rendered":"<p>Las nuevas sustancias se equiparan a las drogas cl\u00e1sicas, para que la posesi\u00f3n destinada al consumo no sea considerada delito El Parlamento portugu\u00e9s aprob\u00f3 ayer la despenalizaci\u00f3n del consumo de drogas sint\u00e9ticas, con una ley que las equipara al r\u00e9gimen de las sustancias cl\u00e1sicas y elimina el criterio de la cantidad de dosis a la [&hellip;]<\/p>\n","protected":false},"author":80,"featured_media":271164,"comment_status":"closed","ping_status":"closed","sticky":false,"template":"","format":"standard","meta":{"footnotes":""},"categories":[31],"tags":[],"class_list":["post-271163","post","type-post","status-publish","format-standard","has-post-thumbnail","hentry","category-orbe"],"_links":{"self":[{"href":"https:\/\/plazajuarez.mx\/historico\/wp-json\/wp\/v2\/posts\/271163","targetHints":{"allow":["GET"]}}],"collection":[{"href":"https:\/\/plazajuarez.mx\/historico\/wp-json\/wp\/v2\/posts"}],"about":[{"href":"https:\/\/plazajuarez.mx\/historico\/wp-json\/wp\/v2\/types\/post"}],"author":[{"embeddable":true,"href":"https:\/\/plazajuarez.mx\/historico\/wp-json\/wp\/v2\/users\/80"}],"replies":[{"embeddable":true,"href":"https:\/\/plazajuarez.mx\/historico\/wp-json\/wp\/v2\/comments?post=271163"}],"version-history":[{"count":0,"href":"https:\/\/plazajuarez.mx\/historico\/wp-json\/wp\/v2\/posts\/271163\/revisions"}],"wp:featuredmedia":[{"embeddable":true,"href":"https:\/\/plazajuarez.mx\/historico\/wp-json\/wp\/v2\/media\/271164"}],"wp:attachment":[{"href":"https:\/\/plazajuarez.mx\/historico\/wp-json\/wp\/v2\/media?parent=271163"}],"wp:term":[{"taxonomy":"category","embeddable":true,"href":"https:\/\/plazajuarez.mx\/historico\/wp-json\/wp\/v2\/categories?post=271163"},{"taxonomy":"post_tag","embeddable":true,"href":"https:\/\/plazajuarez.mx\/historico\/wp-json\/wp\/v2\/tags?post=271163"}],"curies":[{"name":"wp","href":"https:\/\/api.w.org\/{rel}","templated":true}]}}