{"id":271156,"date":"2023-07-20T05:00:00","date_gmt":"2023-07-20T11:00:00","guid":{"rendered":"https:\/\/plazajuarez.mx\/?p=271156"},"modified":"2023-07-19T18:11:26","modified_gmt":"2023-07-20T00:11:26","slug":"cine-4","status":"publish","type":"post","link":"https:\/\/plazajuarez.mx\/historico\/cine-4\/","title":{"rendered":"CINE DE MA\u00d1ANA"},"content":{"rendered":"\n<h2 class=\"wp-block-heading\"><strong>Huachicoleras brasile\u00f1as<\/strong><\/h2>\n\n\n\n<p>En esta ocasi\u00f3n vamos a hablar de &#8220;Matorral seco en llamas&#8221; de Joana Pimenta y Adirley Queiros, se trata de\u00a0 un poderoso filme que no hay que perderse\u00a0<\/p>\n\n\n\n<p>Elegida para inaugurar <em>La Semana del Cine Portugu\u00e9s<\/em>,<em> &#8220;Matorral seco en llamas&#8221;<\/em> de Joana Pimenta y Adirley Queiros, ha sido recuperada por el XLII Foro Internacional de la Cineteca, como uno de sus platos fuertes.<\/p>\n\n\n\n<p>El guion de los realizadores es una mezcla de documental y ficci\u00f3n que narra la historia de dos medias hermanas criminales.<\/p>\n\n\n\n<p>La primera, Joana d\u2019arc (D\u00e9bora Alencar) ha establecido una toma clandestina de combustible en la localidad de Sol Nascente, en Ceilandia, en la que vende combustible a los motociclistas.<\/p>\n\n\n\n<p>Incorpora al negocio a su media hermana Lea (Lea Alves da Silva), quien acaba de pasar ocho a\u00f1os en la c\u00e1rcel.<\/p>\n\n\n\n<p>Las ind\u00f3mitas mujeres comparten experiencias y recuerdan con cierto cari\u00f1o a su mujeriego padre.<\/p>\n\n\n\n<p>Sin embargo, ser\u00e1n perseguidas por las autoridades hasta con camiones blindados y Lea terminar\u00e1 de nuevo en la c\u00e1rcel.<\/p>\n\n\n\n<p>El que la cinta est\u00e9 interpretada por personajes reales hace que el asunto se convierta, seg\u00fan las realizadoras, en una etnograf\u00eda-ficci\u00f3n-sensorial .<\/p>\n\n\n\n<p>&#8220;Mato seco em chamas&#8221; fue premiada por Cinema du Reel y obtuvo varios premios en el Festival de Cine Independiente de Lisboa, y es un poderoso filme que no hay que perderse.&nbsp;<\/p>\n","protected":false},"excerpt":{"rendered":"<p>Huachicoleras brasile\u00f1as En esta ocasi\u00f3n vamos a hablar de &#8220;Matorral seco en llamas&#8221; de Joana Pimenta y Adirley Queiros, se trata de\u00a0 un poderoso filme que no hay que perderse\u00a0 Elegida para inaugurar La Semana del Cine Portugu\u00e9s, &#8220;Matorral seco en llamas&#8221; de Joana Pimenta y Adirley Queiros, ha sido recuperada por el XLII Foro [&hellip;]<\/p>\n","protected":false},"author":96,"featured_media":271183,"comment_status":"closed","ping_status":"closed","sticky":false,"template":"","format":"standard","meta":{"footnotes":""},"categories":[41,54,42],"tags":[],"class_list":["post-271156","post","type-post","status-publish","format-standard","has-post-thumbnail","hentry","category-arteria-cultural","category-jorge-carrasco","category-nuestrapalabra"],"_links":{"self":[{"href":"https:\/\/plazajuarez.mx\/historico\/wp-json\/wp\/v2\/posts\/271156","targetHints":{"allow":["GET"]}}],"collection":[{"href":"https:\/\/plazajuarez.mx\/historico\/wp-json\/wp\/v2\/posts"}],"about":[{"href":"https:\/\/plazajuarez.mx\/historico\/wp-json\/wp\/v2\/types\/post"}],"author":[{"embeddable":true,"href":"https:\/\/plazajuarez.mx\/historico\/wp-json\/wp\/v2\/users\/96"}],"replies":[{"embeddable":true,"href":"https:\/\/plazajuarez.mx\/historico\/wp-json\/wp\/v2\/comments?post=271156"}],"version-history":[{"count":0,"href":"https:\/\/plazajuarez.mx\/historico\/wp-json\/wp\/v2\/posts\/271156\/revisions"}],"wp:featuredmedia":[{"embeddable":true,"href":"https:\/\/plazajuarez.mx\/historico\/wp-json\/wp\/v2\/media\/271183"}],"wp:attachment":[{"href":"https:\/\/plazajuarez.mx\/historico\/wp-json\/wp\/v2\/media?parent=271156"}],"wp:term":[{"taxonomy":"category","embeddable":true,"href":"https:\/\/plazajuarez.mx\/historico\/wp-json\/wp\/v2\/categories?post=271156"},{"taxonomy":"post_tag","embeddable":true,"href":"https:\/\/plazajuarez.mx\/historico\/wp-json\/wp\/v2\/tags?post=271156"}],"curies":[{"name":"wp","href":"https:\/\/api.w.org\/{rel}","templated":true}]}}