{"id":270827,"date":"2023-07-18T13:56:30","date_gmt":"2023-07-18T19:56:30","guid":{"rendered":"https:\/\/plazajuarez.mx\/?p=270827"},"modified":"2023-07-18T13:56:31","modified_gmt":"2023-07-18T19:56:31","slug":"messi_-6","status":"publish","type":"post","link":"https:\/\/plazajuarez.mx\/historico\/messi_-6\/","title":{"rendered":"Messi y Busquets, sonrientes en el primer entrenamiento con el Inter Miami"},"content":{"rendered":"\n<p>Lionel Messi y Sergio Busquets participaron en la ma\u00f1ana de este martes en su primer entrenamiento con el Inter Miami sonrientes y enfundados en la camiseta blanca y gris de pr\u00e1cticas del equipo de la MLS norteamericana.<\/p>\n\n\n\n<p>Durante parte del entrenamiento en el Florida Blue Training Center, situado junto al DRV PNK Stadium del Inter Miami, Messi y Busquets calentaron junto con el delantero venezolano Josef Mart\u00ednez, que pareci\u00f3 el encargado de contestar las preguntas de los dos reci\u00e9n llegados.<\/p>\n\n\n\n<p>Como parte de su rito de aceptaci\u00f3n en el equipo, sus nuevos compa\u00f1eros formaron un pasillo por el que corrieron los dos exjugadores del Barcelona mientras recib\u00edan palmadas en la espalda bajo la atenta mirada de Tata Martino, el entrenador argentino del Inter Miami, y de decenas de periodistas.<\/p>\n\n\n\n<p>El pasado domingo, Messi y Busquest fueron presentados oficialmente en Miami como nuevos jugadores del equipo local de la mano del exfutbolista ingl\u00e9s David Beckham, uno de los propietarios del club de la Major League Soccer (MLS), y ante 20.000 personas que abarrotaban el DRV PNK Stadium.<\/p>\n\n\n\n<p>En la presentaci\u00f3n, Messi declar\u00f3 que estaba muy feliz de haber elegido el proyecto y la ciudad de Miami.<\/p>\n\n\n\n<p>&#8220;Van a pasar cosas muy lindas&#8221;, dijo Messi.<\/p>\n\n\n\n<p>Busquets se\u00f1al\u00f3 que es una &#8220;oportunidad especial&#8221; y que est\u00e1 &#8220;emocionado&#8221; de unirse al equipo de Miami y empezar su pr\u00f3xima etapa profesional.<\/p>\n\n\n\n<p>Messi y Busquets tienen previsto debutar con el Inter Miami el pr\u00f3ximo 21 de julio ante el Cruz Azul mexicano en la &#8216;Legues Cup&#8217;, un nuevo torneo que disputar\u00e1n hasta el pr\u00f3ximo 19 de agosto los equipos de la MLS y de la Liga MX.<\/p>\n","protected":false},"excerpt":{"rendered":"<p>Lionel Messi y Sergio Busquets participaron en la ma\u00f1ana de este martes en su primer entrenamiento con el Inter Miami sonrientes y enfundados en la camiseta blanca y gris de pr\u00e1cticas del equipo de la MLS norteamericana. Durante parte del entrenamiento en el Florida Blue Training Center, situado junto al DRV PNK Stadium del Inter [&hellip;]<\/p>\n","protected":false},"author":80,"featured_media":270829,"comment_status":"closed","ping_status":"closed","sticky":false,"template":"","format":"standard","meta":{"footnotes":""},"categories":[39],"tags":[],"class_list":["post-270827","post","type-post","status-publish","format-standard","has-post-thumbnail","hentry","category-deportiva"],"_links":{"self":[{"href":"https:\/\/plazajuarez.mx\/historico\/wp-json\/wp\/v2\/posts\/270827","targetHints":{"allow":["GET"]}}],"collection":[{"href":"https:\/\/plazajuarez.mx\/historico\/wp-json\/wp\/v2\/posts"}],"about":[{"href":"https:\/\/plazajuarez.mx\/historico\/wp-json\/wp\/v2\/types\/post"}],"author":[{"embeddable":true,"href":"https:\/\/plazajuarez.mx\/historico\/wp-json\/wp\/v2\/users\/80"}],"replies":[{"embeddable":true,"href":"https:\/\/plazajuarez.mx\/historico\/wp-json\/wp\/v2\/comments?post=270827"}],"version-history":[{"count":0,"href":"https:\/\/plazajuarez.mx\/historico\/wp-json\/wp\/v2\/posts\/270827\/revisions"}],"wp:featuredmedia":[{"embeddable":true,"href":"https:\/\/plazajuarez.mx\/historico\/wp-json\/wp\/v2\/media\/270829"}],"wp:attachment":[{"href":"https:\/\/plazajuarez.mx\/historico\/wp-json\/wp\/v2\/media?parent=270827"}],"wp:term":[{"taxonomy":"category","embeddable":true,"href":"https:\/\/plazajuarez.mx\/historico\/wp-json\/wp\/v2\/categories?post=270827"},{"taxonomy":"post_tag","embeddable":true,"href":"https:\/\/plazajuarez.mx\/historico\/wp-json\/wp\/v2\/tags?post=270827"}],"curies":[{"name":"wp","href":"https:\/\/api.w.org\/{rel}","templated":true}]}}