{"id":270820,"date":"2023-07-18T13:48:55","date_gmt":"2023-07-18T19:48:55","guid":{"rendered":"https:\/\/plazajuarez.mx\/?p=270820"},"modified":"2023-07-18T13:48:56","modified_gmt":"2023-07-18T19:48:56","slug":"colombia_","status":"publish","type":"post","link":"https:\/\/plazajuarez.mx\/historico\/colombia_\/","title":{"rendered":"Colombia presume de artesan\u00edas en una nueva feria en Miami"},"content":{"rendered":"\n<p>Colombia busca internacionalizar su rica y variada artesan\u00eda y ha escogido Miami para dar el salto con una exposici\u00f3n del talento y habilidad de m\u00e1s de 50 artesanos de los 32 departamentos del pa\u00eds que presentar\u00e1n canastos, sombreros, instrumentos, juegos, moda, joyas y un sinf\u00edn de cosas m\u00e1s.<\/p>\n\n\n\n<p>La galer\u00eda Miami International Fine Arts acoger\u00e1 desde el pr\u00f3ximo viernes hasta el domingo la primera Expoartesano Miami, que est\u00e1 dirigida a particulares y compradores profesionales y es definida como una feria de saberes ancestrales y tradicionales por sus organizadores: Artesan\u00edas de Colombia, Plaza Mayor Medell\u00edn y el Consulado colombiano en Miami.<\/p>\n\n\n\n<p>La feria se encuadra en los esfuerzos de autoridades y empresarios por internacionalizar un sector cuyas exportaciones aumentaron un 82 % entre 2020 y 2022.<\/p>\n\n\n\n<p>&#8220;La artesan\u00eda representa la identidad de un pa\u00eds, y la colombiana goza de much\u00edsimo reconocimiento internacional porque se ha cualificado&#8221;, dice en una entrevista con EFE V\u00edctor Hugo Zapata Madrigal, gerente general del centro de convenciones Plaza Mayor de Medell\u00edn.<\/p>\n\n\n\n<p>Zapata subraya que lo que presentar\u00e1 Expoartesano Miami es una muestra perfecta de la diversidad y riqueza de la cultura de Colombia, un pa\u00eds -dice- que se toma muy en serio la artesan\u00eda.<\/p>\n\n\n\n<p>&#8220;Para un colombiano, la artesan\u00eda es uno de los s\u00edmbolos que mejor representa el ancestro, el arraigo, la identidad, la cultura, el antepasado&#8221;, se\u00f1ala.<\/p>\n\n\n\n<p>Esta es la primera vez que Expoartesano, que se celebra desde hace 14 a\u00f1os en Medell\u00edn, sale al extranjero y la idea de Plaza Mayor y su socia, Artesan\u00edas de Colombia, es llevarla tambi\u00e9n a Europa el pr\u00f3ximo a\u00f1o.<\/p>\n\n\n\n<p>EE.UU., EL PRINCIPAL COMPRADOR<\/p>\n\n\n\n<p>Se escogi\u00f3 Miami para empezar por haber sido EE.UU. el principal destino de las artesan\u00edas de Colombia en 2022 y porque cuenta con una nutrida comunidad colombiana, dice Zapata.<\/p>\n\n\n\n<p>Estados Unidos compr\u00f3 artesan\u00edas colombianas por valor de 13,5 millones de d\u00f3lares en 2022 y solo entre enero y abril del a\u00f1o actual esas compras sumaron 7 millones de d\u00f3lares, seg\u00fan cifras oficiales.<\/p>\n\n\n\n<p>Zapata Madrigal hace hincapi\u00e9 en que han sido los esfuerzos realizados por &#8220;dar nivel&#8221; a las artesan\u00edas colombianas, que en una \u00e9poca eran &#8220;muy b\u00e1sicas&#8221;, y el combinar las t\u00e9cnicas y conocimientos del pasado con el dise\u00f1o actual lo que ha permitido alcanzar esas cifras de exportaci\u00f3n.<\/p>\n\n\n\n<p>Al aumentar la calidad obviamente aumentan los precios, pues las materias primas son de primera calidad y el tiempo que dedica el artesano a cada pieza es mayor, pero Zapata est\u00e1 seguro de que eso no va a perjudicar los resultados de Expoartesano Miami.<\/p>\n\n\n\n<p>&#8220;No son baratijas, lo que la gente se va a encontrar son elaboraciones muy finamente cuidadas y por supuesto, los precios son consecuentes con ello, pero lo que vemos ac\u00e1 en la ciudad de Medell\u00edn es que la gente siempre est\u00e1 dispuesta a pagar por algo de calidad&#8221;, dice.<\/p>\n\n\n\n<p>ARTESAN\u00cdA IGUAL A IDENTIDAD<\/p>\n\n\n\n<p>A juicio de Zapata Madrigal, &#8220;lo m\u00e1s valioso de la artesan\u00eda colombiana es la diversidad&#8221;.<\/p>\n\n\n\n<p>La mochila wayuu, el sombrero &#8220;vuelteao&#8221; y la ruana son &#8220;importantes&#8221;, pero hay &#8220;miles de variedades, porque Colombia es un pa\u00eds muy rico culturalmente&#8221;, agrega.<\/p>\n\n\n\n<p>Cuando se le pregunta si est\u00e1 asegurado el relevo generacional en la artesan\u00eda colombiana, la clave para que siga perdurando, dice que ese es uno de los principales retos.<\/p>\n\n\n\n<p>&#8220;En Expoartesano Medell\u00edn, que acaba de celebrarse con 368 artesanos, &#8220;empieza a haber m\u00e1s j\u00f3venes artesanos interesados en recibir el legado de sus padres, de sus abuelos, y se est\u00e1 trabajando porque si se deja al aire o por generaci\u00f3n espont\u00e1nea, podr\u00eda extinguirse, como en otros pa\u00edses&#8221;, se\u00f1ala.<\/p>\n\n\n\n<p>La feria contar\u00e1 con la participaci\u00f3n presencial de 21 artesanos colombianos, que har\u00e1n demostraciones en vivo de su trabajo.<\/p>\n\n\n\n<p>Adem\u00e1s exhibir\u00e1 productos elaborados por al menos otros 50 artesanos con oficios caracter\u00edsticos como tejedur\u00eda, cester\u00eda, marroquiner\u00eda, luter\u00eda, talla en piedra, enchapado y talla en madera, joyer\u00eda, entre otros.<\/p>\n","protected":false},"excerpt":{"rendered":"<p>Colombia busca internacionalizar su rica y variada artesan\u00eda y ha escogido Miami para dar el salto con una exposici\u00f3n del talento y habilidad de m\u00e1s de 50 artesanos de los 32 departamentos del pa\u00eds que presentar\u00e1n canastos, sombreros, instrumentos, juegos, moda, joyas y un sinf\u00edn de cosas m\u00e1s. La galer\u00eda Miami International Fine Arts acoger\u00e1 [&hellip;]<\/p>\n","protected":false},"author":80,"featured_media":270821,"comment_status":"closed","ping_status":"closed","sticky":false,"template":"","format":"standard","meta":{"footnotes":""},"categories":[41],"tags":[],"class_list":["post-270820","post","type-post","status-publish","format-standard","has-post-thumbnail","hentry","category-arteria-cultural"],"_links":{"self":[{"href":"https:\/\/plazajuarez.mx\/historico\/wp-json\/wp\/v2\/posts\/270820","targetHints":{"allow":["GET"]}}],"collection":[{"href":"https:\/\/plazajuarez.mx\/historico\/wp-json\/wp\/v2\/posts"}],"about":[{"href":"https:\/\/plazajuarez.mx\/historico\/wp-json\/wp\/v2\/types\/post"}],"author":[{"embeddable":true,"href":"https:\/\/plazajuarez.mx\/historico\/wp-json\/wp\/v2\/users\/80"}],"replies":[{"embeddable":true,"href":"https:\/\/plazajuarez.mx\/historico\/wp-json\/wp\/v2\/comments?post=270820"}],"version-history":[{"count":0,"href":"https:\/\/plazajuarez.mx\/historico\/wp-json\/wp\/v2\/posts\/270820\/revisions"}],"wp:featuredmedia":[{"embeddable":true,"href":"https:\/\/plazajuarez.mx\/historico\/wp-json\/wp\/v2\/media\/270821"}],"wp:attachment":[{"href":"https:\/\/plazajuarez.mx\/historico\/wp-json\/wp\/v2\/media?parent=270820"}],"wp:term":[{"taxonomy":"category","embeddable":true,"href":"https:\/\/plazajuarez.mx\/historico\/wp-json\/wp\/v2\/categories?post=270820"},{"taxonomy":"post_tag","embeddable":true,"href":"https:\/\/plazajuarez.mx\/historico\/wp-json\/wp\/v2\/tags?post=270820"}],"curies":[{"name":"wp","href":"https:\/\/api.w.org\/{rel}","templated":true}]}}