{"id":27071,"date":"2016-08-21T14:30:19","date_gmt":"2016-08-21T14:30:19","guid":{"rendered":"http:\/\/plazajuarez.mx\/index\/index.php\/2016\/08\/21\/reinauguran-museos-del-ferrocarril-y-de-el-santo\/"},"modified":"2016-08-21T14:30:19","modified_gmt":"2016-08-21T14:30:19","slug":"reinauguran-museos-del-ferrocarril-y-de-el-santo","status":"publish","type":"post","link":"https:\/\/plazajuarez.mx\/historico\/reinauguran-museos-del-ferrocarril-y-de-el-santo\/","title":{"rendered":"Reinauguran museos del Ferrocarril y de \u201cEl Santo\u201d"},"content":{"rendered":"<p>Tulancingo <\/p>\n<p>\u25cf\u00a0\u00a0\u00a0 Develan m\u00e1scara de \u201cEl Enmascarado de Plata\u201d <br \/>Se calific\u00f3 el 19 de agosto como un d\u00eda de fiesta para la cultura tulancinguense, \u201clo que hoy presenciamos con esta rehabilitaci\u00f3n de\u00a0 museos contribuye al desarrollo cultural de la ciudad\u201d, dijo Julio Soto. Posterior al tradicional corte de list\u00f3n, las autoridades realizaron un recorrido por los renovados museos, cuya imagen replica el estilo colonial del Municipio. <\/p>\n<p>  <!--more-->  <\/p>\n<p>El alcalde, Julio Soto, encabez\u00f3 la ceremonia de reinauguraci\u00f3n a los Museos del Ferrocarril y el Santo, despu\u00e9s de las obras de rehabilitaci\u00f3n integral en las que se aplicaron recursos del Fondo de Cultura (Focul), gestionados ante la Federaci\u00f3n.<br \/>El Alcalde estuvo acompa\u00f1ado de\u00a0 invitados especiales como el embajador de Panam\u00e1, Manuel Ricardo P\u00e9rez, as\u00ed como el Maestro Jos\u00e9 Sacal Micha, adem\u00e1s del escultor Guillermo Salcedo y el coordinador de la Unidad de Desarrollo Regional II Tulancingo, Lorenzo Arroyo.<br \/>Tras la bienvenida ofrecida por el secretario de Desarrollo Humano y Social municipal, Heber Lara, Julio Soto resalt\u00f3 que este gobierno trascender\u00e1 por ser el que m\u00e1s ha invertido en\u00a0 el espacio f\u00edsico y en la visi\u00f3n arquitect\u00f3nica para revertir el escenario de sitios residuales, como anteriormente era el Patio de maniobras de la estaci\u00f3n del ferrocarril, o los propios museos as\u00ed como el\u00a0 jard\u00edn del arte; hoy Centro Cultural \u201cRicardo Garibay\u201d.<br \/>El Jefe del Ejecutivo municipal resalt\u00f3 su gratitud a personalidades que fueron clave para atender rubros importantes del Plan Municipal de Desarrollo; primero se dirigi\u00f3 al embajador de Panam\u00e1 a quien agradeci\u00f3 la deferencia que ha tenido para vincular a\u00a0 productores\u00a0 de Tulancingo\u00a0 con\u00a0 nuevos nichos de mercado de Panam\u00e1 (considerada la puerta de Latinoam\u00e9rica).<br \/>No menos importante fue la gratitud al Maestro Jos\u00e9 Sacal Micha (amigo distinguido de Tulancingo y extraordinario expositor con presencia en m\u00e1s de 60 pa\u00edses) y cuya obra escult\u00f3rica ha sido disfrutada por casi un a\u00f1o en el Municipio, \u201cla visi\u00f3n creativa del maestro Sacal quedar\u00e1 en car\u00e1cter de permanente con una obra en el Museo de El Santo; concretamente una m\u00e1scara a gran escala de la leyenda plateada; a base de aluminio.<br \/>El Presidente municipal subray\u00f3 el apoyo de los diputados y exdiputados federales; en particular Erick Marte y Pedro Porras, \u201ccon su apoyo se pudo invertir tanto en materia cultural\u201d. Igualmente con el respaldo de la diputada Marisol Vargas se logr\u00f3 etiquetado de 17 millones de pesos destinados exclusivamente al rubro de pavimentaciones.<\/p>\n","protected":false},"excerpt":{"rendered":"<p>Tulancingo \u25cf\u00a0\u00a0\u00a0 Develan m\u00e1scara de \u201cEl Enmascarado de Plata\u201d Se calific\u00f3 el 19 de agosto como un d\u00eda de fiesta para la cultura tulancinguense, \u201clo que hoy presenciamos con esta rehabilitaci\u00f3n de\u00a0 museos contribuye al desarrollo cultural de la ciudad\u201d, dijo Julio Soto. Posterior al tradicional corte de list\u00f3n, las autoridades realizaron un recorrido por [&hellip;]<\/p>\n","protected":false},"author":93,"featured_media":0,"comment_status":"open","ping_status":"open","sticky":false,"template":"","format":"standard","meta":{"footnotes":""},"categories":[40],"tags":[],"class_list":["post-27071","post","type-post","status-publish","format-standard","hentry","category-region"],"_links":{"self":[{"href":"https:\/\/plazajuarez.mx\/historico\/wp-json\/wp\/v2\/posts\/27071","targetHints":{"allow":["GET"]}}],"collection":[{"href":"https:\/\/plazajuarez.mx\/historico\/wp-json\/wp\/v2\/posts"}],"about":[{"href":"https:\/\/plazajuarez.mx\/historico\/wp-json\/wp\/v2\/types\/post"}],"author":[{"embeddable":true,"href":"https:\/\/plazajuarez.mx\/historico\/wp-json\/wp\/v2\/users\/93"}],"replies":[{"embeddable":true,"href":"https:\/\/plazajuarez.mx\/historico\/wp-json\/wp\/v2\/comments?post=27071"}],"version-history":[{"count":0,"href":"https:\/\/plazajuarez.mx\/historico\/wp-json\/wp\/v2\/posts\/27071\/revisions"}],"wp:attachment":[{"href":"https:\/\/plazajuarez.mx\/historico\/wp-json\/wp\/v2\/media?parent=27071"}],"wp:term":[{"taxonomy":"category","embeddable":true,"href":"https:\/\/plazajuarez.mx\/historico\/wp-json\/wp\/v2\/categories?post=27071"},{"taxonomy":"post_tag","embeddable":true,"href":"https:\/\/plazajuarez.mx\/historico\/wp-json\/wp\/v2\/tags?post=27071"}],"curies":[{"name":"wp","href":"https:\/\/api.w.org\/{rel}","templated":true}]}}