{"id":27070,"date":"2016-08-21T14:29:59","date_gmt":"2016-08-21T14:29:59","guid":{"rendered":"http:\/\/plazajuarez.mx\/index\/index.php\/2016\/08\/21\/los-concesionarios-se-pasan-de-vivos\/"},"modified":"2016-08-21T14:29:59","modified_gmt":"2016-08-21T14:29:59","slug":"los-concesionarios-se-pasan-de-vivos","status":"publish","type":"post","link":"https:\/\/plazajuarez.mx\/historico\/los-concesionarios-se-pasan-de-vivos\/","title":{"rendered":"Los concesionarios se pasan de\u2026 vivos"},"content":{"rendered":"<p>Tulancingo<br \/>\u25cf\u00a0\u00a0\u00a0 Tres colectivas circulaban con el mismo n\u00famero de placas; sancionar\u00e1n a los concesionarios con 60 d\u00edas de salario m\u00ednimo (un poco m\u00e1s de 4 mil pesos\u2026 QUE BARATO) <br \/>\u201cSe reserva identidad de los concesionarios como un acto de confidencialidad, ya que enfrentan un acto legal por el delito\u201d (confidencialidad un tanto cuanto incomprensible, opina el molesto editor de esta secci\u00f3n)\u00a0\u00a0 <br \/>El director de STPCH destac\u00f3 que se realiz\u00f3 una reuni\u00f3n con l\u00edderes transportistas, posterior a la denuncia ciudadana, a fin de aclarar que a la salida de la administraci\u00f3n encabezada por el gobernador Francisco Olvera Ru\u00edz, no se permitir\u00e1n actos il\u00edcitos como \u00e9ste, ya que a\u00fan se contin\u00faa con los operativos de vigilancia (\u00bf?)<\/p>\n<p>  <!--more-->  <\/p>\n<p>El director general del Sistema de Transporte P\u00fablico Convencional de Hidalgo (STPCH), Alain Souverbille Garc\u00eda, inform\u00f3 que fueron retenidas y sancionadas en Tulancingo, tres unidades del transporte p\u00fablico que circulaban con un mismo juego de placas.<br \/>Tras conocer la anomal\u00eda a trav\u00e9s de diversas denuncias ciudadanas y la observaci\u00f3n de algunos medios de comunicaci\u00f3n, el funcionario detall\u00f3 que el o los concesionarios de las unidades con ruta 10 y 34, con n\u00famero econ\u00f3mico\u00a0 020722G, 020916G\u00a0 y\u00a0 020964G, deber\u00e1n pagar una sanci\u00f3n de 60 d\u00edas de salario m\u00ednimo para la liberaci\u00f3n de los veh\u00edculos.<br \/>Las unidades del transporte, manifest\u00f3 el funcionario, quedar\u00e1n resguardadas en tanto se liquide la multa; sin embargo, no podr\u00e1n dar servicio hasta que cuenten con el emplacado correspondiente.<br \/>Subray\u00f3 que a pesar de que no es suficiente el personal que labora en la coordinaci\u00f3n regional, conformada por cuatro personas, la vigilancia del funcionamiento del transporte p\u00fablico se realiza en conjunto con algunas administraciones municipales, las cuales tienen la autoridad de infraccionar a quienes no cuenten con placas de circulaci\u00f3n.<br \/>En ese sentido, neg\u00f3 que los agentes de tr\u00e1nsito municipal o estatal, puedan multar por no portar tarjet\u00f3n o seguro de la unidad.\u00a0 <br \/>La coordinaci\u00f3n para el correcto funcionamiento del transporte p\u00fablico, explic\u00f3 Souverbille Garc\u00eda, tambi\u00e9n, se realiza con los l\u00edderes transportistas ya que ellos conocen a quien corresponde cada unidad.<br \/>Finalmente, dud\u00f3 que el gobernador electo, Omar Fayad Meneses,\u00a0 pueda dar apertura a estas anomal\u00edas, ya que cuenta con vasta experiencia en el tema.<\/p>\n","protected":false},"excerpt":{"rendered":"<p>Tulancingo\u25cf\u00a0\u00a0\u00a0 Tres colectivas circulaban con el mismo n\u00famero de placas; sancionar\u00e1n a los concesionarios con 60 d\u00edas de salario m\u00ednimo (un poco m\u00e1s de 4 mil pesos\u2026 QUE BARATO) \u201cSe reserva identidad de los concesionarios como un acto de confidencialidad, ya que enfrentan un acto legal por el delito\u201d (confidencialidad un tanto cuanto incomprensible, opina [&hellip;]<\/p>\n","protected":false},"author":93,"featured_media":0,"comment_status":"open","ping_status":"open","sticky":false,"template":"","format":"standard","meta":{"footnotes":""},"categories":[40],"tags":[],"class_list":["post-27070","post","type-post","status-publish","format-standard","hentry","category-region"],"_links":{"self":[{"href":"https:\/\/plazajuarez.mx\/historico\/wp-json\/wp\/v2\/posts\/27070","targetHints":{"allow":["GET"]}}],"collection":[{"href":"https:\/\/plazajuarez.mx\/historico\/wp-json\/wp\/v2\/posts"}],"about":[{"href":"https:\/\/plazajuarez.mx\/historico\/wp-json\/wp\/v2\/types\/post"}],"author":[{"embeddable":true,"href":"https:\/\/plazajuarez.mx\/historico\/wp-json\/wp\/v2\/users\/93"}],"replies":[{"embeddable":true,"href":"https:\/\/plazajuarez.mx\/historico\/wp-json\/wp\/v2\/comments?post=27070"}],"version-history":[{"count":0,"href":"https:\/\/plazajuarez.mx\/historico\/wp-json\/wp\/v2\/posts\/27070\/revisions"}],"wp:attachment":[{"href":"https:\/\/plazajuarez.mx\/historico\/wp-json\/wp\/v2\/media?parent=27070"}],"wp:term":[{"taxonomy":"category","embeddable":true,"href":"https:\/\/plazajuarez.mx\/historico\/wp-json\/wp\/v2\/categories?post=27070"},{"taxonomy":"post_tag","embeddable":true,"href":"https:\/\/plazajuarez.mx\/historico\/wp-json\/wp\/v2\/tags?post=27070"}],"curies":[{"name":"wp","href":"https:\/\/api.w.org\/{rel}","templated":true}]}}