{"id":27068,"date":"2016-08-21T14:29:29","date_gmt":"2016-08-21T14:29:29","guid":{"rendered":"http:\/\/plazajuarez.mx\/index\/index.php\/2016\/08\/21\/extranas-pintas-en-diversas-colonias-alarman-a-vecinos\/"},"modified":"2016-08-21T14:29:29","modified_gmt":"2016-08-21T14:29:29","slug":"extranas-pintas-en-diversas-colonias-alarman-a-vecinos","status":"publish","type":"post","link":"https:\/\/plazajuarez.mx\/historico\/extranas-pintas-en-diversas-colonias-alarman-a-vecinos\/","title":{"rendered":"Extra\u00f1as pintas en diversas colonias alarman a vecinos"},"content":{"rendered":"<p>Tulancingo <\/p>\n<p>\u25cf\u00a0\u00a0\u00a0 Debido a la simbolog\u00eda utilizada, se teme que sea el marcaje territorial de un grupo delictivo<\/p>\n<p>  <!--more-->  <\/p>\n<p>Vecinos de la colonia Estrella de Tulancingo, manifestaron su preocupaci\u00f3n debido a la \u201caparici\u00f3n\u201d de pintas con aerosol en algunas viviendas y bardas. Solicitan la intervenci\u00f3n de autoridades ya que temen se trate de actos por parte de alg\u00fan grupo delictivo.<br \/>En dichas pintas se alcanzan a percibir un arma de alto calibre y una pistola por detr\u00e1s de una estrella, y en su parte superior, lo que parecen ser las letras L, A\u00a0 y T.<br \/>Al respecto, el delegado de dicha colonia, V\u00edctor Mart\u00ednez, se\u00f1al\u00f3 que una de estas im\u00e1genes fue detectada en d\u00edas pasados por los propios propietarios de las viviendas, quienes pintaron sobre la misma imagen con la intenci\u00f3n de desaparecerla, pero \u00e9sta fue realizada nuevamente. <br \/>\u201cLa gente est\u00e1 preocupada, pues creen que puedan ser marcas de alg\u00fan grupo de ladrones para quienes signifique algo especific\u00f3, como una amenaza o algo as\u00ed; hemos solicitado ya a las autoridades mayor vigilancia rondines y presencia de patrullas\u201d, coment\u00f3 el delegado.<br \/>Destac\u00f3 que las \u201cmarcas\u201d comenzaron a aparecer al inicio de esta semana y fueron localizadas en m\u00e1s de seis casas de dicha colonia, en los \u00faltimos d\u00edas.<br \/>Por otra parte, el Delegado adelant\u00f3 que buscar\u00e1 reunirse con sus vecinos para implementar estrategias de seguridad y dijo que solicitar\u00e1n esclarecer el significado de estos s\u00edmbolos.<\/p>\n<p>Sin embargo, la colonia Estrella no es la \u00fanica demarcaci\u00f3n donde fueron encontradas im\u00e1genes de este tipo, ya que lo mismo ocurri\u00f3 en zonas de El Para\u00edso Centro, la colonia Linda Vista y Vicente Guerrero.<br \/>La Direcci\u00f3n de Seguridad P\u00fablica municipal, a cargo del comandante Conrado San Agust\u00edn, indic\u00f3 al respecto que a\u00fan no cuentan con reportes de estas im\u00e1genes por parte de los vecinos.<br \/>Adelant\u00f3 que trabajan con apoyo de personal especializado en el tema, a fin de conocer el significado de las im\u00e1genes y de los responsables de haberlas pintado, para evitar que surja el miedo colectivo.<br \/>\u201cNo tenemos reportadas las pintas en seguridad ni al C-4 por los vecinos; sin embargo, dijo, ya estamos investigando y en cuanto obtengamos resultados al respecto los daremos a conocer a los interesados\u201d, concluy\u00f3 el director.<\/p>\n","protected":false},"excerpt":{"rendered":"<p>Tulancingo \u25cf\u00a0\u00a0\u00a0 Debido a la simbolog\u00eda utilizada, se teme que sea el marcaje territorial de un grupo delictivo<\/p>\n","protected":false},"author":93,"featured_media":0,"comment_status":"open","ping_status":"open","sticky":false,"template":"","format":"standard","meta":{"footnotes":""},"categories":[40],"tags":[],"class_list":["post-27068","post","type-post","status-publish","format-standard","hentry","category-region"],"_links":{"self":[{"href":"https:\/\/plazajuarez.mx\/historico\/wp-json\/wp\/v2\/posts\/27068","targetHints":{"allow":["GET"]}}],"collection":[{"href":"https:\/\/plazajuarez.mx\/historico\/wp-json\/wp\/v2\/posts"}],"about":[{"href":"https:\/\/plazajuarez.mx\/historico\/wp-json\/wp\/v2\/types\/post"}],"author":[{"embeddable":true,"href":"https:\/\/plazajuarez.mx\/historico\/wp-json\/wp\/v2\/users\/93"}],"replies":[{"embeddable":true,"href":"https:\/\/plazajuarez.mx\/historico\/wp-json\/wp\/v2\/comments?post=27068"}],"version-history":[{"count":0,"href":"https:\/\/plazajuarez.mx\/historico\/wp-json\/wp\/v2\/posts\/27068\/revisions"}],"wp:attachment":[{"href":"https:\/\/plazajuarez.mx\/historico\/wp-json\/wp\/v2\/media?parent=27068"}],"wp:term":[{"taxonomy":"category","embeddable":true,"href":"https:\/\/plazajuarez.mx\/historico\/wp-json\/wp\/v2\/categories?post=27068"},{"taxonomy":"post_tag","embeddable":true,"href":"https:\/\/plazajuarez.mx\/historico\/wp-json\/wp\/v2\/tags?post=27068"}],"curies":[{"name":"wp","href":"https:\/\/api.w.org\/{rel}","templated":true}]}}