{"id":27065,"date":"2016-08-21T14:20:43","date_gmt":"2016-08-21T14:20:43","guid":{"rendered":"http:\/\/plazajuarez.mx\/index\/index.php\/2016\/08\/21\/trabajare-con-los-pies-puestos-en-la-tierra-paola-dominguez\/"},"modified":"2016-08-21T14:20:43","modified_gmt":"2016-08-21T14:20:43","slug":"trabajare-con-los-pies-puestos-en-la-tierra-paola-dominguez","status":"publish","type":"post","link":"https:\/\/plazajuarez.mx\/historico\/trabajare-con-los-pies-puestos-en-la-tierra-paola-dominguez\/","title":{"rendered":"\u201cTrabajar\u00e9 con los pies puestos en la tierra\u201d: Paola Dom\u00ednguez"},"content":{"rendered":"<p>Alcaldesa electa de Santiago Tulantepec<br \/>Enfocar\u00e1 mayores acciones al desarrollo social en apoyo a los sectores vulnerables<\/p>\n<p>  <!--more-->  <\/p>\n<p>La alcaldesa electa por el municipio de Santiago Tulantepec, Paola Dom\u00ednguez Olmedo, afirma que en su administraci\u00f3n \u201ctrabajar\u00e9 con los pies puestos en la tierra y con convicci\u00f3n de servicio\u201d, fortaleciendo la asistencia social y buscando un crecimiento ordenado.<br \/>Destac\u00f3 que en su plan de Desarrollo Municipal, si bien est\u00e1n integrados ejes como seguridad p\u00fablica, enfocar\u00e1 mayores acciones al desarrollo social en apoyo a los sectores vulnerables como son ni\u00f1os, mujeres y adultos mayores, \u201cse ha perdido la cultura de impulsar acciones en el sentido humano\u201d.<br \/>Asimismo indic\u00f3 establecer\u00e1 estrategias de protecci\u00f3n y desarrollo de la ni\u00f1ez, a trav\u00e9s de acciones como el deporte y la cultura; todo ello a trav\u00e9s del departamento del DIF municipal, \u201cla asistencia social es muy importante, hay que trabajar mucho\u201d.<br \/>Adem\u00e1s Dom\u00ednguez Olmedo, manifest\u00f3 estar redoblando esfuerzos en la b\u00fasqueda de recursos para infraestructura vial, \u201cestamos cerca de Tulancingo pero no pertenecemos al Fondo Metropolitano, necesitamos ingresar para tener un mayor desarrollo y orden, es una situaci\u00f3n compleja porque nos han dejado relegados\u201d.<br \/>Dijo, \u201cqueremos crecer a la par de ellos, compartimos territorio, servicios, obligaciones y seguridad, pero no tenemos acceso a los fondos de Tulancingo, necesito que Gobierno del Estado nos ayude a bajar m\u00e1s recursos para ese ordenamiento\u201d.<br \/>Finalmente, la alcaldesa electa asever\u00f3 que se ha preparado para desempe\u00f1ar el cargo, \u201ces necesaria la instrucci\u00f3n y formaci\u00f3n para\u00a0 acceder a estos puestos de elecci\u00f3n popular, existe normatividad y leyes m\u00e1s exigentes, es un papel dif\u00edcil porque el municipio es la primera instancia a la que un ciudadano se acerca, por ello estar\u00e1 con los pies puestos en la tierra y con convicci\u00f3n de servicio\u201d.<\/p>\n","protected":false},"excerpt":{"rendered":"<p>Alcaldesa electa de Santiago TulantepecEnfocar\u00e1 mayores acciones al desarrollo social en apoyo a los sectores vulnerables<\/p>\n","protected":false},"author":93,"featured_media":0,"comment_status":"open","ping_status":"open","sticky":false,"template":"","format":"standard","meta":{"footnotes":""},"categories":[59],"tags":[],"class_list":["post-27065","post","type-post","status-publish","format-standard","hentry","category-general"],"_links":{"self":[{"href":"https:\/\/plazajuarez.mx\/historico\/wp-json\/wp\/v2\/posts\/27065","targetHints":{"allow":["GET"]}}],"collection":[{"href":"https:\/\/plazajuarez.mx\/historico\/wp-json\/wp\/v2\/posts"}],"about":[{"href":"https:\/\/plazajuarez.mx\/historico\/wp-json\/wp\/v2\/types\/post"}],"author":[{"embeddable":true,"href":"https:\/\/plazajuarez.mx\/historico\/wp-json\/wp\/v2\/users\/93"}],"replies":[{"embeddable":true,"href":"https:\/\/plazajuarez.mx\/historico\/wp-json\/wp\/v2\/comments?post=27065"}],"version-history":[{"count":0,"href":"https:\/\/plazajuarez.mx\/historico\/wp-json\/wp\/v2\/posts\/27065\/revisions"}],"wp:attachment":[{"href":"https:\/\/plazajuarez.mx\/historico\/wp-json\/wp\/v2\/media?parent=27065"}],"wp:term":[{"taxonomy":"category","embeddable":true,"href":"https:\/\/plazajuarez.mx\/historico\/wp-json\/wp\/v2\/categories?post=27065"},{"taxonomy":"post_tag","embeddable":true,"href":"https:\/\/plazajuarez.mx\/historico\/wp-json\/wp\/v2\/tags?post=27065"}],"curies":[{"name":"wp","href":"https:\/\/api.w.org\/{rel}","templated":true}]}}