{"id":27064,"date":"2016-08-21T14:20:40","date_gmt":"2016-08-21T14:20:40","guid":{"rendered":"http:\/\/plazajuarez.mx\/index\/index.php\/2016\/08\/21\/ayuntamiento-de-pachuca-realizara-jornada-de-empleo\/"},"modified":"2016-08-21T14:20:40","modified_gmt":"2016-08-21T14:20:40","slug":"ayuntamiento-de-pachuca-realizara-jornada-de-empleo","status":"publish","type":"post","link":"https:\/\/plazajuarez.mx\/historico\/ayuntamiento-de-pachuca-realizara-jornada-de-empleo\/","title":{"rendered":"Ayuntamiento de Pachuca realizar\u00e1 Jornada de Empleo"},"content":{"rendered":"<p>\u25cf\u00a0\u00a0\u00a0 Pr\u00f3ximo martes 23 de agosto, en la Plaza Independencia<br \/>\u25cf\u00a0\u00a0\u00a0 Se ofertar\u00e1n m\u00e1s de 350 plazas por parte de distintas empresas<\/p>\n<p>  <!--more-->  <\/p>\n<p>\u00a0\u00a0\u00a0 Con la participaci\u00f3n de m\u00e1s de 30 empresas se llevar\u00e1 a cabo la S\u00e9ptima Jornada de Empleo organizada por el Ayuntamiento de Pachuca, a trav\u00e9s de la Secretar\u00eda de Desarrollo Econ\u00f3mico (Sedeco), coordinadamente con diversas instancias para ofrecer, el pr\u00f3ximo martes 23 de agosto, m\u00e1s de 350 plazas en la Plaza Independencia, de 9:00 a 14:00 horas.<br \/>\u00a0<br \/>\u00a0\u00a0\u00a0 La titular de la Sedeco Pachuca, Guadalupe Atitl\u00e1n Gil, se\u00f1al\u00f3 que este tipo de acciones buscan ofrecer m\u00e1s y mejores opciones en un mismo espacio a buscadores de empleos, ahorr\u00e1ndoles tiempo y dinero por traslados, adem\u00e1s de reducir gastos a las empresas por concepto de reclutamiento de personal.<br \/>\u00a0<br \/>\u00a0\u00a0\u00a0 Destac\u00f3 que este tipo de actividades ofrecen a los aspirantes entrevistas directas con representantes de las empresas contratantes, aunque explic\u00f3 que la Sedeco cuenta tambi\u00e9n con atenci\u00f3n permanente en la oficina del Servicio Municipal de Empleo, ubicada en edificio Orba, Plaza Independencia 106, de 8:30 a 16:30 horas.<br \/>\u00a0<br \/>\u00a0\u00a0\u00a0 Atitl\u00e1n Gil indic\u00f3 que a la S\u00e9ptima Jornada de Empleo (al igual que las anteriores) pueden acudir personas de 18 a\u00f1os de edad en adelante, ya sea que desempe\u00f1en alg\u00fan oficio o cuenten con estudios profesionales. As\u00ed mismo, recomend\u00f3 a los interesados presentarse con m\u00e1s de una solicitud de empleo, previamente elaborada, a fin de optimizar su b\u00fasqueda.<\/p>\n","protected":false},"excerpt":{"rendered":"<p>\u25cf\u00a0\u00a0\u00a0 Pr\u00f3ximo martes 23 de agosto, en la Plaza Independencia\u25cf\u00a0\u00a0\u00a0 Se ofertar\u00e1n m\u00e1s de 350 plazas por parte de distintas empresas<\/p>\n","protected":false},"author":93,"featured_media":0,"comment_status":"open","ping_status":"open","sticky":false,"template":"","format":"standard","meta":{"footnotes":""},"categories":[59],"tags":[],"class_list":["post-27064","post","type-post","status-publish","format-standard","hentry","category-general"],"_links":{"self":[{"href":"https:\/\/plazajuarez.mx\/historico\/wp-json\/wp\/v2\/posts\/27064","targetHints":{"allow":["GET"]}}],"collection":[{"href":"https:\/\/plazajuarez.mx\/historico\/wp-json\/wp\/v2\/posts"}],"about":[{"href":"https:\/\/plazajuarez.mx\/historico\/wp-json\/wp\/v2\/types\/post"}],"author":[{"embeddable":true,"href":"https:\/\/plazajuarez.mx\/historico\/wp-json\/wp\/v2\/users\/93"}],"replies":[{"embeddable":true,"href":"https:\/\/plazajuarez.mx\/historico\/wp-json\/wp\/v2\/comments?post=27064"}],"version-history":[{"count":0,"href":"https:\/\/plazajuarez.mx\/historico\/wp-json\/wp\/v2\/posts\/27064\/revisions"}],"wp:attachment":[{"href":"https:\/\/plazajuarez.mx\/historico\/wp-json\/wp\/v2\/media?parent=27064"}],"wp:term":[{"taxonomy":"category","embeddable":true,"href":"https:\/\/plazajuarez.mx\/historico\/wp-json\/wp\/v2\/categories?post=27064"},{"taxonomy":"post_tag","embeddable":true,"href":"https:\/\/plazajuarez.mx\/historico\/wp-json\/wp\/v2\/tags?post=27064"}],"curies":[{"name":"wp","href":"https:\/\/api.w.org\/{rel}","templated":true}]}}