{"id":270524,"date":"2023-07-17T05:25:00","date_gmt":"2023-07-17T11:25:00","guid":{"rendered":"https:\/\/plazajuarez.mx\/?p=270524"},"modified":"2023-07-17T09:27:07","modified_gmt":"2023-07-17T15:27:07","slug":"no-pues-usted-disculpe","status":"publish","type":"post","link":"https:\/\/plazajuarez.mx\/historico\/no-pues-usted-disculpe\/","title":{"rendered":"No, pues usted disculpe"},"content":{"rendered":"\n<h2 class=\"wp-block-heading\">Pulso del Mezquital\u00a0<\/h2>\n\n\n\n<p>Al presidente municipal de Mixquiahuala, Jos\u00e9 Ram\u00f3n Amieva, parece haberle calado los cuestionamientos de los ciudadanos\u2026<\/p>\n\n\n\n<p>Nuevamente confirmamos, que los pol\u00edticos no son ajenos al dolor humano, que sienten, lloran y se ofenden y deben pasar el trago amargo, m\u00ednimamente con una botella de agua Perrier, Fugi o una Veen, porque la Ciel o la Bonafont a lo mucho para lo que sirven, es para enfriar el radiador.&nbsp;<\/p>\n\n\n\n<p>Esto viene a colaci\u00f3n, despu\u00e9s de ver como un pol\u00edtico es incomprendido, sobajado, maldecido, denunciado y todo por la maldita incomprensi\u00f3n, pero sobre todo, ese mal que ata\u00f1e a los latinoamericanos, la envidia de esos que simplemente no toleran el triunfo ajeno.&nbsp;<\/p>\n\n\n\n<p>M\u00e1s que nada, nos referimos al presidente municipal de Mixquiahuala, Jos\u00e9 Ram\u00f3n Amieva, parece haberle calado los cuestionamientos de los ciudadanos, asimismo, se molest\u00f3 por las notas tendenciosas de personas mezquinas que han buscado ensuciarlo y demeritarlo.&nbsp;<\/p>\n\n\n\n<p>Pero lo que parece ser que le cal\u00f3 m\u00e1s, fue la denuncia que interpusieron en su contra algunos regidores, pues en vez de reconocerle su arduo trabajo, pero sobre todo el sacrificio que est\u00e1 haciendo en estos momentos de precampa\u00f1a, resulta que lo demandaron penalmente.&nbsp;<\/p>\n\n\n\n<p>Todo aquel que se dedica a la noble labor de la pol\u00edtica, comprender\u00e1 al presidente municipal, pues aunque est\u00e9 relacionada su gesti\u00f3n como jefe de gobierno en la Ciudad de M\u00e9xico con el lavado de m\u00e1s de mil millones de pesos, en su tesis dir\u00e1, que los intereses mezquinos y la envidia, empa\u00f1an la visi\u00f3n de quienes a toda costa buscan obstaculizarle su participaci\u00f3n en la vida p\u00fablica.&nbsp;<\/p>\n\n\n\n<p>Obviamente, el presidente municipal se quebr\u00f3 por el lado m\u00e1s d\u00e9bil de esta tragicomedia, los medios de comunicaci\u00f3n, a quienes en un plan de \u201cv\u00edstima\u201d, pidi\u00f3 dar el mismo tratamiento a su derecho de r\u00e9plica que al dado a sus detractores, lo cual hasta ah\u00ed estaba bien, sin embargo, de pronto se empez\u00f3 a dar su taco y comenz\u00f3 a dar ejemplos de por qu\u00e9 dej\u00f3 su jale de presidente municipal a medias.&nbsp;<\/p>\n\n\n\n<p>Empez\u00f3 a echarle mucha crema a sus tacos, como: que su participaci\u00f3n en Morena, lo hace por puro amor al arte, que no anda en busca de puestos, cargos, cuates y que casi, casi, que el equipo de Claudia Sheinbaum sin \u00e9l, pr\u00e1cticamente ser\u00eda como una papa sin \u201cc\u00e1tsup\u201d. Que pr\u00e1cticamente \u00e9l es un ingrediente fundamental y es aqu\u00ed donde pr\u00e1cticamente, no lo dice pero lo piensa, sus detractores deben ofrecerle una disculpa, porque no valoran que un mexicano, un hidalguense y un ciudadano de Mixquiahuala, est\u00e9 colaborando de cerca con quien fuera su sucesora en la jefatura de gobierno, casi, casi, cu\u00eddenme que me les pelo y entonces sufrir\u00e1n mi ausencia.&nbsp;<\/p>\n\n\n\n<p>Mientras tanto, la presidencia municipal se tom\u00f3 todo a guasa y asegur\u00f3 que aunque hubo un tiempo que no hab\u00eda qui\u00e9n gobernara, no hubo ning\u00fan signo de ingobernabilidad en el municipio. Y es que la envidia a veces surge m\u00e1s de lo que se produce en la imaginaci\u00f3n que lo que en realidad es, entonces los resentidos sociales se hacen muchas ideas en la cabeza y eso los hace sufrir.&nbsp;<\/p>\n\n\n\n<p>En corto:<\/p>\n\n\n\n<p>Hoy se llevar\u00e1 a cabo la audiencia inicial del ex administrador del mercado Morelos en Ixmiquilpan, Herberto \u201cN\u201d, se prev\u00e9 que sea vinculado a proceso por los delitos que se le investigan.&nbsp;<\/p>\n\n\n\n<p>S\u00edganme en Twitter y en Instagram:<\/p>\n\n\n\n<p>&nbsp;@Marko Caba\u00f1as&nbsp;<\/p>\n","protected":false},"excerpt":{"rendered":"<p>Pulso del Mezquital\u00a0 Al presidente municipal de Mixquiahuala, Jos\u00e9 Ram\u00f3n Amieva, parece haberle calado los cuestionamientos de los ciudadanos\u2026 Nuevamente confirmamos, que los pol\u00edticos no son ajenos al dolor humano, que sienten, lloran y se ofenden y deben pasar el trago amargo, m\u00ednimamente con una botella de agua Perrier, Fugi o una Veen, porque la [&hellip;]<\/p>\n","protected":false},"author":75,"featured_media":235451,"comment_status":"closed","ping_status":"closed","sticky":false,"template":"","format":"standard","meta":{"footnotes":""},"categories":[87,42],"tags":[],"class_list":["post-270524","post","type-post","status-publish","format-standard","has-post-thumbnail","hentry","category-marco-cabanas","category-nuestrapalabra"],"_links":{"self":[{"href":"https:\/\/plazajuarez.mx\/historico\/wp-json\/wp\/v2\/posts\/270524","targetHints":{"allow":["GET"]}}],"collection":[{"href":"https:\/\/plazajuarez.mx\/historico\/wp-json\/wp\/v2\/posts"}],"about":[{"href":"https:\/\/plazajuarez.mx\/historico\/wp-json\/wp\/v2\/types\/post"}],"author":[{"embeddable":true,"href":"https:\/\/plazajuarez.mx\/historico\/wp-json\/wp\/v2\/users\/75"}],"replies":[{"embeddable":true,"href":"https:\/\/plazajuarez.mx\/historico\/wp-json\/wp\/v2\/comments?post=270524"}],"version-history":[{"count":0,"href":"https:\/\/plazajuarez.mx\/historico\/wp-json\/wp\/v2\/posts\/270524\/revisions"}],"wp:featuredmedia":[{"embeddable":true,"href":"https:\/\/plazajuarez.mx\/historico\/wp-json\/wp\/v2\/media\/235451"}],"wp:attachment":[{"href":"https:\/\/plazajuarez.mx\/historico\/wp-json\/wp\/v2\/media?parent=270524"}],"wp:term":[{"taxonomy":"category","embeddable":true,"href":"https:\/\/plazajuarez.mx\/historico\/wp-json\/wp\/v2\/categories?post=270524"},{"taxonomy":"post_tag","embeddable":true,"href":"https:\/\/plazajuarez.mx\/historico\/wp-json\/wp\/v2\/tags?post=270524"}],"curies":[{"name":"wp","href":"https:\/\/api.w.org\/{rel}","templated":true}]}}