{"id":270288,"date":"2023-07-14T22:50:07","date_gmt":"2023-07-15T04:50:07","guid":{"rendered":"https:\/\/plazajuarez.mx\/?p=270288"},"modified":"2023-07-14T22:50:08","modified_gmt":"2023-07-15T04:50:08","slug":"presentan-cartelera-completa-de-artistas-para-la-expo-feria-2023","status":"publish","type":"post","link":"https:\/\/plazajuarez.mx\/historico\/presentan-cartelera-completa-de-artistas-para-la-expo-feria-2023\/","title":{"rendered":"Presentan cartelera completa de artistas para la Expo Feria 2023"},"content":{"rendered":"\n<p class=\"wp-block-paragraph\"><strong>TULANCINGO.- <\/strong>Tras anunciar los artistas que cerrar\u00e1n la Expo Feria Tulancingo 2023, el presidente del Comit\u00e9 del Patronato Pedro Escudero, dio a conocer de manera oficial la gran cartelera de artistas para el Teatro del Pueblo y Palenque de la fiesta de los tulancinguenses.\u00a0<\/p>\n\n\n\n<p class=\"wp-block-paragraph\">El 27 de julio, d\u00eda de la inauguraci\u00f3n de esta Expo Feria, ser\u00e1n los hermanos Ortega Castro, talento local que form\u00f3 el d\u00fao R\u00edo Roma, quienes pongan a cantar a los asistentes.&nbsp;<\/p>\n\n\n\n<p class=\"wp-block-paragraph\">El viernes 28 de julio se presentar\u00e1 uno de los artistas m\u00e1s importantes actualmente del regional mexicano, Alfredo Olivas, qui\u00e9n promete dar uno de los espect\u00e1culos m\u00e1s extraordinarios de la feria. El cantante se presenta en el teatro del pueblo. Ese mismo d\u00eda pero en el Palenque se presentar\u00e1n las hermanas Ha+Ash.<\/p>\n\n\n\n<p class=\"wp-block-paragraph\">El s\u00e1bado 29 de julio llegar\u00e1 a Tulancingo el Grupo Bronco, que desde hace m\u00e1s de 30 a\u00f1os pone a bailar a chicos y grandes con sus grandes \u00e9xitos como lo es \u201cAdoro\u201d y \u201cSi te vuelves a enamorar\u201d. En el Palenque se presentar\u00e1n Los Dos Carnales.<\/p>\n\n\n\n<p class=\"wp-block-paragraph\">La Sonora Dinamita se presentar\u00e1 el domingo 30 de julio en el Teatro del Pueblo, mientras que en el Palenque ser\u00e1 el cantante Siddhartha; y para cerrar con broche de oro el mes de julio, el lunes 31 se presentar\u00e1 la banda mexicana de rock, Molotov.&nbsp;<\/p>\n\n\n\n<p class=\"wp-block-paragraph\">El martes, primero de agosto, llegar\u00e1n desde Chile la banda de rock Los Bunkers, mientras que el mi\u00e9rcoles 2 de agosto, Los \u00c1ngeles Azules har\u00e1n bailar a los asistentes con sus cl\u00e1sicos como \u201c17 a\u00f1os\u201d, \u201cComo te voy a olvidar\u201d y \u201cEl list\u00f3n de tu pelo\u201d.&nbsp;<\/p>\n\n\n\n<p class=\"wp-block-paragraph\">El jueves 3 de agosto se presentar\u00e1 la Original Banda El Lim\u00f3n;&nbsp; el viernes 4, en Palenque se presentar\u00e1 el cantante de regional mexicano, Carin Le\u00f3n y en el Teatro del Pueblo la banda de rock en espa\u00f1ol El Tri, del se\u00f1or Alex Lora.&nbsp;<\/p>\n\n\n\n<p class=\"wp-block-paragraph\">Los Acosta llegar\u00e1n el s\u00e1bado 5 al Teatro del Pueblo, mientras que en el palenque se presentar\u00e1 El Palomazo, con las m\u00e1ximas figuras de la m\u00fasica norte\u00f1a en nuestro pa\u00eds.&nbsp;<\/p>\n\n\n\n<p class=\"wp-block-paragraph\">El domingo 6 ser\u00e1 Mariana Seoane y Aar\u00f3n y su Grupo Ilusi\u00f3n, los que pongan a bailar a todos.&nbsp;<\/p>\n\n\n\n<p class=\"wp-block-paragraph\">El lunes 7&nbsp; llegar\u00e1 al teatro del pueblo, Alfredo R\u00edos \u201cEl Komander\u201d, el martes 8 se presentar\u00e1 la cantante Ana B\u00e1rbara. El mi\u00e9rcoles 9 de agosto habr\u00e1 espect\u00e1culo de Lucha Libre AAA y el concierto de Bellakath.&nbsp;<\/p>\n\n\n\n<p class=\"wp-block-paragraph\">El jueves 10 de agosto ser\u00e1 la Banda Cuisillos quienes se presentar\u00e1n en el Teatro del Pueblo y en el Palenque ser\u00e1n Oscar Maydon y Gabito Ballesteros.&nbsp;<\/p>\n\n\n\n<p class=\"wp-block-paragraph\">El viernes 11 de agosto ser\u00e1 la banda de ska mexincano Inspector; y el s\u00e1bado 12 de agosto, en el marco del d\u00eda de la Juventud se presentar\u00e1n: Sabino, Mario Bautista, Camilo Septimo y Dimitri y las Brujas.&nbsp;<\/p>\n\n\n\n<p class=\"wp-block-paragraph\">El mismo 12, pero en el Palenque, se presentar\u00e1 el espect\u00e1culo para ni\u00f1as y ni\u00f1os \u201cBely y Beto\u201d, as\u00ed como el rey de la taquilla, Juli\u00f3n \u00c1lvarez.&nbsp;<\/p>\n\n\n\n<p class=\"wp-block-paragraph\">El gran cierre de la Expo Feria Tulancingo 2023 ser\u00e1 el domingo 13, con la presentaci\u00f3n del Festival Norte\u00f1o, integrado por el grupo que vale lo que pesa: Pesado, as\u00ed como Palomo y Poder del Norte.&nbsp;<\/p>\n\n\n\n<p class=\"wp-block-paragraph\">El presidente del patronato reconoci\u00f3 que es iniciativa del presidente de Tulancingo, Jorge M\u00e1rquez Alvarado, ofrecer a la poblaci\u00f3n una cartelera de artistas variada y de primera calidad.&nbsp;<\/p>\n","protected":false},"excerpt":{"rendered":"<p>TULANCINGO.- Tras anunciar los artistas que cerrar\u00e1n la Expo Feria Tulancingo 2023, el presidente del Comit\u00e9 del Patronato Pedro Escudero, dio a conocer de manera oficial la gran cartelera de artistas para el Teatro del Pueblo y Palenque de la fiesta de los tulancinguenses.\u00a0 El 27 de julio, d\u00eda de la inauguraci\u00f3n de esta Expo [&hellip;]<\/p>\n","protected":false},"author":70,"featured_media":270297,"comment_status":"closed","ping_status":"closed","sticky":false,"template":"","format":"standard","meta":{"footnotes":""},"categories":[2159,40],"tags":[],"class_list":["post-270288","post","type-post","status-publish","format-standard","has-post-thumbnail","hentry","category-noticias-de-hidalgo","category-region"],"_links":{"self":[{"href":"https:\/\/plazajuarez.mx\/historico\/wp-json\/wp\/v2\/posts\/270288","targetHints":{"allow":["GET"]}}],"collection":[{"href":"https:\/\/plazajuarez.mx\/historico\/wp-json\/wp\/v2\/posts"}],"about":[{"href":"https:\/\/plazajuarez.mx\/historico\/wp-json\/wp\/v2\/types\/post"}],"author":[{"embeddable":true,"href":"https:\/\/plazajuarez.mx\/historico\/wp-json\/wp\/v2\/users\/70"}],"replies":[{"embeddable":true,"href":"https:\/\/plazajuarez.mx\/historico\/wp-json\/wp\/v2\/comments?post=270288"}],"version-history":[{"count":0,"href":"https:\/\/plazajuarez.mx\/historico\/wp-json\/wp\/v2\/posts\/270288\/revisions"}],"wp:featuredmedia":[{"embeddable":true,"href":"https:\/\/plazajuarez.mx\/historico\/wp-json\/wp\/v2\/media\/270297"}],"wp:attachment":[{"href":"https:\/\/plazajuarez.mx\/historico\/wp-json\/wp\/v2\/media?parent=270288"}],"wp:term":[{"taxonomy":"category","embeddable":true,"href":"https:\/\/plazajuarez.mx\/historico\/wp-json\/wp\/v2\/categories?post=270288"},{"taxonomy":"post_tag","embeddable":true,"href":"https:\/\/plazajuarez.mx\/historico\/wp-json\/wp\/v2\/tags?post=270288"}],"curies":[{"name":"wp","href":"https:\/\/api.w.org\/{rel}","templated":true}]}}