{"id":269993,"date":"2023-07-13T09:04:11","date_gmt":"2023-07-13T15:04:11","guid":{"rendered":"https:\/\/plazajuarez.mx\/?p=269993"},"modified":"2023-07-13T14:06:38","modified_gmt":"2023-07-13T20:06:38","slug":"cine_-2","status":"publish","type":"post","link":"https:\/\/plazajuarez.mx\/historico\/cine_-2\/","title":{"rendered":"CINE DE MA\u00d1ANA"},"content":{"rendered":"\n<h2 class=\"wp-block-heading\"><strong>Di\u00e1logo entre directores<\/strong><\/h2>\n\n\n\n<ul class=\"wp-block-list\">\n<li>En esta ocasi\u00f3n vamos a hablar de \u201cNos vemos el viernes\u201d de Robinson de Mitra Farahani, el filme de la directora iran\u00ed testimoni\u00f3 la amistad que sostuvieron los directores Jean Luc Godard y Ebrahim Golestan<\/li>\n<\/ul>\n\n\n\n<p><\/p>\n\n\n\n<p>Otro de los platos fuertes del XLII Foro Internacional de la Cineteca es \u201cNos vemos el viernes\u201d de Robinson de Mitra Farahani.<\/p>\n\n\n\n<p>La directora iran\u00ed testimoni\u00f3 la amistad que sostuvieron los directores Jean Luc Godard y Ebrahim Golestan.<\/p>\n\n\n\n<p>Ambos debieron reunirse en los a\u00f1os sesenta, pero el encuentro no se llev\u00f3 a cabo.<\/p>\n\n\n\n<p>Decidieron entonces entablar todos los viernes, una comunicaci\u00f3n por correo electr\u00f3nico, en la que intercambiaban pensamientos e im\u00e1genes que despertaran su imaginaci\u00f3n.<\/p>\n\n\n\n<p>El director de \u201cKhest va Ayeneh\u201d se muestra perplejo por los enigm\u00e1ticos mensajes de Godard, que se pas\u00f3 recluido sus \u00faltimos d\u00edas en su casa de Rolle, en Suiza,<\/p>\n\n\n\n<p>Golestan tiene que pasar algunos periodos en el hospital, pero resulta bastante l\u00facido, si se toma en cuenta de que ya cumpli\u00f3 el siglo de vida.<\/p>\n\n\n\n<p>Menci\u00f3n especial merece la realizadora de Tabous Zohre &amp; Manouchehr que sirvi\u00f3 de puente para el di\u00e1logo de los directores, y que incluso convenci\u00f3 a Godard de que permitiera a un camar\u00f3grafo franc\u00e9s captar sus reacciones.<\/p>\n\n\n\n<p>A vendredi Robinson resulta pues un valioso testimonio que obtuvo un premio especial del jurado en el Festival de Berl\u00edn, y que puede considerarse el testamento del genial realizador de Sin aliento y Pierrot el loco.&nbsp;<\/p>\n\n\n\n<p>Dato: Menci\u00f3n especial merece la realizadora de Tabous Zohre &amp; Manouchehr que sirvi\u00f3 de puente para el di\u00e1logo de los directores, y que incluso convenci\u00f3 a Godard de que permitiera a un camar\u00f3grafo franc\u00e9s captar sus reacciones<\/p>\n","protected":false},"excerpt":{"rendered":"<p>Di\u00e1logo entre directores Otro de los platos fuertes del XLII Foro Internacional de la Cineteca es \u201cNos vemos el viernes\u201d de Robinson de Mitra Farahani. La directora iran\u00ed testimoni\u00f3 la amistad que sostuvieron los directores Jean Luc Godard y Ebrahim Golestan. Ambos debieron reunirse en los a\u00f1os sesenta, pero el encuentro no se llev\u00f3 a [&hellip;]<\/p>\n","protected":false},"author":96,"featured_media":269994,"comment_status":"closed","ping_status":"closed","sticky":false,"template":"","format":"standard","meta":{"footnotes":""},"categories":[41,54,42],"tags":[],"class_list":["post-269993","post","type-post","status-publish","format-standard","has-post-thumbnail","hentry","category-arteria-cultural","category-jorge-carrasco","category-nuestrapalabra"],"_links":{"self":[{"href":"https:\/\/plazajuarez.mx\/historico\/wp-json\/wp\/v2\/posts\/269993","targetHints":{"allow":["GET"]}}],"collection":[{"href":"https:\/\/plazajuarez.mx\/historico\/wp-json\/wp\/v2\/posts"}],"about":[{"href":"https:\/\/plazajuarez.mx\/historico\/wp-json\/wp\/v2\/types\/post"}],"author":[{"embeddable":true,"href":"https:\/\/plazajuarez.mx\/historico\/wp-json\/wp\/v2\/users\/96"}],"replies":[{"embeddable":true,"href":"https:\/\/plazajuarez.mx\/historico\/wp-json\/wp\/v2\/comments?post=269993"}],"version-history":[{"count":0,"href":"https:\/\/plazajuarez.mx\/historico\/wp-json\/wp\/v2\/posts\/269993\/revisions"}],"wp:featuredmedia":[{"embeddable":true,"href":"https:\/\/plazajuarez.mx\/historico\/wp-json\/wp\/v2\/media\/269994"}],"wp:attachment":[{"href":"https:\/\/plazajuarez.mx\/historico\/wp-json\/wp\/v2\/media?parent=269993"}],"wp:term":[{"taxonomy":"category","embeddable":true,"href":"https:\/\/plazajuarez.mx\/historico\/wp-json\/wp\/v2\/categories?post=269993"},{"taxonomy":"post_tag","embeddable":true,"href":"https:\/\/plazajuarez.mx\/historico\/wp-json\/wp\/v2\/tags?post=269993"}],"curies":[{"name":"wp","href":"https:\/\/api.w.org\/{rel}","templated":true}]}}