{"id":269973,"date":"2023-07-13T13:38:52","date_gmt":"2023-07-13T19:38:52","guid":{"rendered":"https:\/\/plazajuarez.mx\/?p=269973"},"modified":"2023-07-13T13:38:54","modified_gmt":"2023-07-13T19:38:54","slug":"obrador_-3","status":"publish","type":"post","link":"https:\/\/plazajuarez.mx\/historico\/obrador_-3\/","title":{"rendered":"L\u00f3pez Obrador condena ataque contra fiscales en el oeste de M\u00e9xico y promete investigaci\u00f3n"},"content":{"rendered":"\n<p>El presidente de M\u00e9xico, Andr\u00e9s Manuel L\u00f3pez Obrador, conden\u00f3 este jueves el ataque del crimen organizado contra elementos de la Fiscal\u00eda General del Estado de Jalisco, en el oeste del pa\u00eds, que dej\u00f3 seis muertos y una decena de heridos, y prometi\u00f3 una investigaci\u00f3n.<\/p>\n\n\n\n<p>\u201cSe est\u00e1 haciendo la investigaci\u00f3n, nosotros lamentamos mucho este hecho, es cruel, es una celada, eso no se puede aceptar, permitir, justificar de ninguna manera\u201d, dijo el mandatario durante su rueda de prensa matutina.<\/p>\n\n\n\n<p>El pasado martes por la noche, un ataque con explosivos contra agentes de la Fiscal\u00eda del Estado de Jalisco mat\u00f3 a 6 elementos y dej\u00f3 por lo menos a 12 heridos, hechos adjudicados al crimen organizado de la entidad.<\/p>\n\n\n\n<p>Enrique Alfaro, gobernador de Jalisco, calific\u00f3 de &#8220;acto de terror brutal&#8221; la agresi\u00f3n contra los uniformados que ocurri\u00f3 despu\u00e9s de una llamada telef\u00f3nica an\u00f3nima atribuida al colectivo Madres Buscadoras de Jalisco.<\/p>\n\n\n\n<p>Al respecto, L\u00f3pez Obrador confirm\u00f3 que \u201cfue una emboscada, una trampa, algo condenable, porque adem\u00e1s utilizan un medio que tiene que ver con una actividad humana, como es la b\u00fasqueda de familiares\u201d.<\/p>\n\n\n\n<p>El gobernante mexicano reiter\u00f3 que est\u00e1 realiz\u00e1ndose la investigaci\u00f3n, adem\u00e1s de que el Gobierno federal coopera con autoridades estatales para deslindar responsabilidades.<\/p>\n\n\n\n<p>\u201cAntes hab\u00eda impunidad, eran los mismos, hasta se vest\u00edan de polic\u00eda, hasta se vest\u00edan de agentes, pero no solo eso, hab\u00eda impunidad, no se castigaba a los responsables, no se investigaba a los que comet\u00edan los delitos, ahora no, ahora estamos investigando\u201d, apunt\u00f3.<\/p>\n\n\n\n<p>Cuestionados sobre si este hecho pudiera clasificarse como terrorismo, el mandatario rechaz\u00f3 esta etiqueta.<\/p>\n\n\n\n<p>\u201cHay que ver en sentido estricto lo que significa el terrorismo, que est\u00e1 m\u00e1s vinculado a la parte ideol\u00f3gica y tambi\u00e9n a los fanatismos y no dar entrada, no abrir la puerta para los ultra conservadores, vecinos nuestros (pol\u00edticos de Estados Unidos), que quieren tener excusas, pretextos, para vulnerar nuestra soberan\u00eda\u201d, enfatiz\u00f3.<\/p>\n\n\n\n<p>Desde hace varios a\u00f1os, el estado de Jalisco vive una crisis de violencia e inseguridad por la presencia de grupos del crimen organizado como el C\u00e1rtel Jalisco Nueva Generaci\u00f3n (CJNG).<\/p>\n\n\n\n<p>Apenas el martes, la Secretar\u00eda de Seguridad y Protecci\u00f3n Ciudadana (SSPC) de M\u00e9xico inform\u00f3 que durante el primer semestre del a\u00f1o seis estados concentraron casi la mitad de los homicidios en el pa\u00eds: Guanajuato, Estado de M\u00e9xico, Baja California, Jalisco, Chihuahua y Michoac\u00e1n, que en conjunto representaron 7.226 de estos cr\u00edmenes.<\/p>\n\n\n\n<p>M\u00e9xico enfrenta una ola violenta en los \u00faltimos a\u00f1os.<\/p>\n\n\n\n<p>En 2022 se contabilizaron un total de 30.968 homicidios dolosos, mientras que en 2021 se sumaron 33.308.<\/p>\n\n\n\n<p>Antes se registraron los 2 a\u00f1os m\u00e1s violentos de su historia, bajo el mandato de L\u00f3pez Obrador, con 34.690 v\u00edctimas de asesinato en 2019 y 34.554 en 2020.<\/p>\n","protected":false},"excerpt":{"rendered":"<p>El presidente de M\u00e9xico, Andr\u00e9s Manuel L\u00f3pez Obrador, conden\u00f3 este jueves el ataque del crimen organizado contra elementos de la Fiscal\u00eda General del Estado de Jalisco, en el oeste del pa\u00eds, que dej\u00f3 seis muertos y una decena de heridos, y prometi\u00f3 una investigaci\u00f3n. \u201cSe est\u00e1 haciendo la investigaci\u00f3n, nosotros lamentamos mucho este hecho, es [&hellip;]<\/p>\n","protected":false},"author":80,"featured_media":269974,"comment_status":"closed","ping_status":"closed","sticky":false,"template":"","format":"standard","meta":{"footnotes":""},"categories":[37],"tags":[],"class_list":["post-269973","post","type-post","status-publish","format-standard","has-post-thumbnail","hentry","category-barandilla"],"_links":{"self":[{"href":"https:\/\/plazajuarez.mx\/historico\/wp-json\/wp\/v2\/posts\/269973","targetHints":{"allow":["GET"]}}],"collection":[{"href":"https:\/\/plazajuarez.mx\/historico\/wp-json\/wp\/v2\/posts"}],"about":[{"href":"https:\/\/plazajuarez.mx\/historico\/wp-json\/wp\/v2\/types\/post"}],"author":[{"embeddable":true,"href":"https:\/\/plazajuarez.mx\/historico\/wp-json\/wp\/v2\/users\/80"}],"replies":[{"embeddable":true,"href":"https:\/\/plazajuarez.mx\/historico\/wp-json\/wp\/v2\/comments?post=269973"}],"version-history":[{"count":0,"href":"https:\/\/plazajuarez.mx\/historico\/wp-json\/wp\/v2\/posts\/269973\/revisions"}],"wp:featuredmedia":[{"embeddable":true,"href":"https:\/\/plazajuarez.mx\/historico\/wp-json\/wp\/v2\/media\/269974"}],"wp:attachment":[{"href":"https:\/\/plazajuarez.mx\/historico\/wp-json\/wp\/v2\/media?parent=269973"}],"wp:term":[{"taxonomy":"category","embeddable":true,"href":"https:\/\/plazajuarez.mx\/historico\/wp-json\/wp\/v2\/categories?post=269973"},{"taxonomy":"post_tag","embeddable":true,"href":"https:\/\/plazajuarez.mx\/historico\/wp-json\/wp\/v2\/tags?post=269973"}],"curies":[{"name":"wp","href":"https:\/\/api.w.org\/{rel}","templated":true}]}}