{"id":269944,"date":"2023-07-13T05:30:38","date_gmt":"2023-07-13T11:30:38","guid":{"rendered":"https:\/\/plazajuarez.mx\/?p=269944"},"modified":"2023-07-13T05:39:04","modified_gmt":"2023-07-13T11:39:04","slug":"piden-vecinos-seguridad-y-limpieza-en-feria-de-los-angelitos","status":"publish","type":"post","link":"https:\/\/plazajuarez.mx\/historico\/piden-vecinos-seguridad-y-limpieza-en-feria-de-los-angelitos\/","title":{"rendered":"Piden vecinos seguridad y limpieza en feria de Los Angelitos"},"content":{"rendered":"\n<p><strong>TULANCINGO<\/strong>.- Un aproximado de 60 Vecinos de las calles de Tulancingo donde a\u00f1o con a\u00f1o reciben la tradicional feria de Nuestra Se\u00f1ora de los \u00c1ngeles, presentaron al Comit\u00e9 Organizador encabezado por El\u00edas L\u00f3pez, un pliego donde piden certeza sobre seguridad, vigilancia, limpieza y log\u00edstica de movilidad.\u00a0<\/p>\n\n\n\n<p>Aseguraron que en a\u00f1os anteriores ya presentaron puntos de acuerdo similares con administraciones anteriores, en recientes ediciones estos no se han cumplido. &#8220;Llevamos 60 a\u00f1os viviendo aqu\u00ed y no se nos ha respetado&#8221;, expresaron los colonos.<\/p>\n\n\n\n<p>En lo que respecta a Protecci\u00f3n Civil, solicitaron que cada local cuente con un extintor y que las instalaciones el\u00e9ctricas sean revisadas por personal de la Comisi\u00f3n Federal de Electricidad (CFE), adem\u00e1s de la necesidad de vigilancia continua.<\/p>\n\n\n\n<p>Tambi\u00e9n, manifestaron que sobre la calle Morelos los puestos deber\u00edan estar acomodados &#8220;espalda con espalda&#8221;, ya que al ponerlos de lado a lado, las aceras se obstaculizan y adem\u00e1s es usada por usuarios como ba\u00f1os p\u00fablicos, a lo que pidieron aumentar el n\u00famero de letreros para guiar a visitantes con respecto a los sanitarios.<\/p>\n\n\n\n<p>En otro orden de ideas, instaron a El\u00edas L\u00f3pez, a entregar las vialidades completamente limpias al t\u00e9rmino de las fiestas, las cuales por cierto, no podr\u00e1n extenderse por m\u00e1s de dos semanas. Durante este tiempo, habr\u00e1n de garantizar que exista un servicio de recolecci\u00f3n de basura permanente y vigilancia para que operadores de juegos mec\u00e1nicos no se cuelguen de sus domicilios ni instalaciones de luz.<\/p>\n","protected":false},"excerpt":{"rendered":"<p>TULANCINGO.- Un aproximado de 60 Vecinos de las calles de Tulancingo donde a\u00f1o con a\u00f1o reciben la tradicional feria de Nuestra Se\u00f1ora de los \u00c1ngeles, presentaron al Comit\u00e9 Organizador encabezado por El\u00edas L\u00f3pez, un pliego donde piden certeza sobre seguridad, vigilancia, limpieza y log\u00edstica de movilidad.\u00a0 Aseguraron que en a\u00f1os anteriores ya presentaron puntos de [&hellip;]<\/p>\n","protected":false},"author":70,"featured_media":269945,"comment_status":"closed","ping_status":"closed","sticky":false,"template":"","format":"standard","meta":{"footnotes":""},"categories":[2159,40],"tags":[],"class_list":["post-269944","post","type-post","status-publish","format-standard","has-post-thumbnail","hentry","category-noticias-de-hidalgo","category-region"],"_links":{"self":[{"href":"https:\/\/plazajuarez.mx\/historico\/wp-json\/wp\/v2\/posts\/269944","targetHints":{"allow":["GET"]}}],"collection":[{"href":"https:\/\/plazajuarez.mx\/historico\/wp-json\/wp\/v2\/posts"}],"about":[{"href":"https:\/\/plazajuarez.mx\/historico\/wp-json\/wp\/v2\/types\/post"}],"author":[{"embeddable":true,"href":"https:\/\/plazajuarez.mx\/historico\/wp-json\/wp\/v2\/users\/70"}],"replies":[{"embeddable":true,"href":"https:\/\/plazajuarez.mx\/historico\/wp-json\/wp\/v2\/comments?post=269944"}],"version-history":[{"count":0,"href":"https:\/\/plazajuarez.mx\/historico\/wp-json\/wp\/v2\/posts\/269944\/revisions"}],"wp:featuredmedia":[{"embeddable":true,"href":"https:\/\/plazajuarez.mx\/historico\/wp-json\/wp\/v2\/media\/269945"}],"wp:attachment":[{"href":"https:\/\/plazajuarez.mx\/historico\/wp-json\/wp\/v2\/media?parent=269944"}],"wp:term":[{"taxonomy":"category","embeddable":true,"href":"https:\/\/plazajuarez.mx\/historico\/wp-json\/wp\/v2\/categories?post=269944"},{"taxonomy":"post_tag","embeddable":true,"href":"https:\/\/plazajuarez.mx\/historico\/wp-json\/wp\/v2\/tags?post=269944"}],"curies":[{"name":"wp","href":"https:\/\/api.w.org\/{rel}","templated":true}]}}