{"id":269938,"date":"2023-07-13T05:32:58","date_gmt":"2023-07-13T11:32:58","guid":{"rendered":"https:\/\/plazajuarez.mx\/?p=269938"},"modified":"2023-07-13T05:33:00","modified_gmt":"2023-07-13T11:33:00","slug":"maestra-de-secundaria-agrede-a-estudiantes-padres-de-familia-exigen-su-cese","status":"publish","type":"post","link":"https:\/\/plazajuarez.mx\/historico\/maestra-de-secundaria-agrede-a-estudiantes-padres-de-familia-exigen-su-cese\/","title":{"rendered":"Maestra de secundaria agrede a estudiantes, padres de familia exigen su cese"},"content":{"rendered":"\n<p><strong>TLANALAPA<\/strong>.- Derivado de una serie de agresiones llevadas a cabo por la maestra Sonia Marlen L\u00f3pez Espinoza, hacia j\u00f3venes estudiantes de la secundaria general \u201cRicardo Flores Mag\u00f3n\u201d de Tlanalapa, padres de familia exigieron el cese de la docente.<\/p>\n\n\n\n<p>Al dialogar con el director de la instituci\u00f3n, Jorge Camargo P\u00e9rez, plantearon que esta problem\u00e1tica se ha suscitado a lo largo del ciclo escolar, quien tambi\u00e9n, a decir de los estudiantes, ha lanzado amenazas de tomar represalias si alguien levantaba una queja.<\/p>\n\n\n\n<p>Sin embargo, el directivo se\u00f1al\u00f3 desconocer de la situaci\u00f3n, ya que ten\u00eda poco menos de un mes que tom\u00f3 posesi\u00f3n del cargo, pero que iban a llevar las investigaciones pertinentes, para proceder contra la maestra, de existir las pruebas.<\/p>\n\n\n\n<p>Cabe se\u00f1alar que ante las exigencias de los padres de familia, la docente se\u00f1alada de agresiones se encerr\u00f3 en el ba\u00f1o, y el directivo tuvo que pedir la intervenci\u00f3n de seguridad p\u00fablica para resguardarla fuera de la instituci\u00f3n.<\/p>\n","protected":false},"excerpt":{"rendered":"<p>TLANALAPA.- Derivado de una serie de agresiones llevadas a cabo por la maestra Sonia Marlen L\u00f3pez Espinoza, hacia j\u00f3venes estudiantes de la secundaria general \u201cRicardo Flores Mag\u00f3n\u201d de Tlanalapa, padres de familia exigieron el cese de la docente. Al dialogar con el director de la instituci\u00f3n, Jorge Camargo P\u00e9rez, plantearon que esta problem\u00e1tica se ha [&hellip;]<\/p>\n","protected":false},"author":69,"featured_media":269947,"comment_status":"closed","ping_status":"closed","sticky":false,"template":"","format":"standard","meta":{"footnotes":""},"categories":[2159,40],"tags":[],"class_list":["post-269938","post","type-post","status-publish","format-standard","has-post-thumbnail","hentry","category-noticias-de-hidalgo","category-region"],"_links":{"self":[{"href":"https:\/\/plazajuarez.mx\/historico\/wp-json\/wp\/v2\/posts\/269938","targetHints":{"allow":["GET"]}}],"collection":[{"href":"https:\/\/plazajuarez.mx\/historico\/wp-json\/wp\/v2\/posts"}],"about":[{"href":"https:\/\/plazajuarez.mx\/historico\/wp-json\/wp\/v2\/types\/post"}],"author":[{"embeddable":true,"href":"https:\/\/plazajuarez.mx\/historico\/wp-json\/wp\/v2\/users\/69"}],"replies":[{"embeddable":true,"href":"https:\/\/plazajuarez.mx\/historico\/wp-json\/wp\/v2\/comments?post=269938"}],"version-history":[{"count":0,"href":"https:\/\/plazajuarez.mx\/historico\/wp-json\/wp\/v2\/posts\/269938\/revisions"}],"wp:featuredmedia":[{"embeddable":true,"href":"https:\/\/plazajuarez.mx\/historico\/wp-json\/wp\/v2\/media\/269947"}],"wp:attachment":[{"href":"https:\/\/plazajuarez.mx\/historico\/wp-json\/wp\/v2\/media?parent=269938"}],"wp:term":[{"taxonomy":"category","embeddable":true,"href":"https:\/\/plazajuarez.mx\/historico\/wp-json\/wp\/v2\/categories?post=269938"},{"taxonomy":"post_tag","embeddable":true,"href":"https:\/\/plazajuarez.mx\/historico\/wp-json\/wp\/v2\/tags?post=269938"}],"curies":[{"name":"wp","href":"https:\/\/api.w.org\/{rel}","templated":true}]}}