{"id":269937,"date":"2023-07-13T05:32:15","date_gmt":"2023-07-13T11:32:15","guid":{"rendered":"https:\/\/plazajuarez.mx\/?p=269937"},"modified":"2023-07-13T05:32:17","modified_gmt":"2023-07-13T11:32:17","slug":"exigiran-justicia-por-victima-de-feminicidio-alcaldia-se-lava-las-manos","status":"publish","type":"post","link":"https:\/\/plazajuarez.mx\/historico\/exigiran-justicia-por-victima-de-feminicidio-alcaldia-se-lava-las-manos\/","title":{"rendered":"Exigir\u00e1n justicia por v\u00edctima de feminicidio, alcald\u00eda se lava las manos\u00a0"},"content":{"rendered":"\n<p><strong>CHAPULHUAC\u00c1N<\/strong>.- Ciudadanos buscan llevar a cabo hoy una manifestaci\u00f3n en la cabecera municipal de Chapulhuac\u00e1n, para exigir justicia por la muerte de la ni\u00f1a Yaretzy, de 12 a\u00f1os, quien fue v\u00edctima de feminicidio el domingo pasado.\u00a0<\/p>\n\n\n\n<p>La presidencia municipal, dio a conocer que existe un menor de edad que est\u00e1 detenido y se encuentra en manos de las autoridades, en las pr\u00f3ximas horas se estar\u00e1 definiendo su situaci\u00f3n jur\u00eddica. Es vecino tambi\u00e9n de la comunidad de San Rafael, de donde era originaria la jovencita.&nbsp;<\/p>\n\n\n\n<p>De acuerdo a la alcald\u00eda, el caso rebasa las atribuciones del ayuntamiento y de la polic\u00eda municipal, por lo que queda en manos de la Procuradur\u00eda General de Justicia de Hidalgo (PGJEH), resolver este tema.&nbsp;<\/p>\n\n\n\n<p>\u201cEste ayuntamiento se ha conducido en total respeto a nuestras instituciones y as\u00ed seguir\u00e1 siendo, con transparencia y respeto al debido proceso, adem\u00e1s que se ha brindado y se seguir\u00e1 brindando apoyo a sus familiares, entre ellos, el acompa\u00f1amiento legal en este proceso\u201d, subray\u00f3 la alcald\u00eda.&nbsp;<\/p>\n\n\n\n<p>Tras la muerte de la menor, inform\u00f3 la alcald\u00eda, se trabajar\u00e1 en una estrategia de reconstrucci\u00f3n del tejido social, para lo cual se integrar\u00e1 en este programa a los delegados de las diferentes comunidades para trabajar en un plan donde se incluyan a las familias.&nbsp;<\/p>\n","protected":false},"excerpt":{"rendered":"<p>CHAPULHUAC\u00c1N.- Ciudadanos buscan llevar a cabo hoy una manifestaci\u00f3n en la cabecera municipal de Chapulhuac\u00e1n, para exigir justicia por la muerte de la ni\u00f1a Yaretzy, de 12 a\u00f1os, quien fue v\u00edctima de feminicidio el domingo pasado.\u00a0 La presidencia municipal, dio a conocer que existe un menor de edad que est\u00e1 detenido y se encuentra en [&hellip;]<\/p>\n","protected":false},"author":75,"featured_media":269946,"comment_status":"closed","ping_status":"closed","sticky":false,"template":"","format":"standard","meta":{"footnotes":""},"categories":[2159,40],"tags":[],"class_list":["post-269937","post","type-post","status-publish","format-standard","has-post-thumbnail","hentry","category-noticias-de-hidalgo","category-region"],"_links":{"self":[{"href":"https:\/\/plazajuarez.mx\/historico\/wp-json\/wp\/v2\/posts\/269937","targetHints":{"allow":["GET"]}}],"collection":[{"href":"https:\/\/plazajuarez.mx\/historico\/wp-json\/wp\/v2\/posts"}],"about":[{"href":"https:\/\/plazajuarez.mx\/historico\/wp-json\/wp\/v2\/types\/post"}],"author":[{"embeddable":true,"href":"https:\/\/plazajuarez.mx\/historico\/wp-json\/wp\/v2\/users\/75"}],"replies":[{"embeddable":true,"href":"https:\/\/plazajuarez.mx\/historico\/wp-json\/wp\/v2\/comments?post=269937"}],"version-history":[{"count":0,"href":"https:\/\/plazajuarez.mx\/historico\/wp-json\/wp\/v2\/posts\/269937\/revisions"}],"wp:featuredmedia":[{"embeddable":true,"href":"https:\/\/plazajuarez.mx\/historico\/wp-json\/wp\/v2\/media\/269946"}],"wp:attachment":[{"href":"https:\/\/plazajuarez.mx\/historico\/wp-json\/wp\/v2\/media?parent=269937"}],"wp:term":[{"taxonomy":"category","embeddable":true,"href":"https:\/\/plazajuarez.mx\/historico\/wp-json\/wp\/v2\/categories?post=269937"},{"taxonomy":"post_tag","embeddable":true,"href":"https:\/\/plazajuarez.mx\/historico\/wp-json\/wp\/v2\/tags?post=269937"}],"curies":[{"name":"wp","href":"https:\/\/api.w.org\/{rel}","templated":true}]}}