{"id":269936,"date":"2023-07-13T05:25:39","date_gmt":"2023-07-13T11:25:39","guid":{"rendered":"https:\/\/plazajuarez.mx\/?p=269936"},"modified":"2023-07-13T05:25:40","modified_gmt":"2023-07-13T11:25:40","slug":"esperan-a-mas-de-60-mil-visitantes-para-el-festival-de-la-plata","status":"publish","type":"post","link":"https:\/\/plazajuarez.mx\/historico\/esperan-a-mas-de-60-mil-visitantes-para-el-festival-de-la-plata\/","title":{"rendered":"Esperan a m\u00e1s de 60 mil visitantes para el Festival de la Plata\u00a0"},"content":{"rendered":"\n<p>Mineral del Monte espera recibir unos 60 mil visitantes el pr\u00f3ximo fin de semana, para la edici\u00f3n 23 del Festival de la Plata, que se realizar\u00e1 del 14 al 16 de julio, y en el que estar\u00e1n participando 200 expositores que exhibir\u00e1n y pondr\u00e1n a la venta art\u00edculos y accesorios elaborados con este metal, esencia de este Pueblo M\u00e1gico de origen minero.<\/p>\n\n\n\n<p>En cuanto a las y los expositores que dar\u00e1n vida al festival, se espera la participaci\u00f3n de 200, en diferentes pabellones. Algunos son originarios del municipio, otros m\u00e1s de Mineral del Chico y Tulancingo, pero tambi\u00e9n habr\u00e1 presencia de otros estados como Puebla, Veracruz y Quer\u00e9taro.<\/p>\n\n\n\n<p>Asimismo se comunic\u00f3 que, para el disfrute de las y los visitantes, habr\u00e1 actividades deportivas y culturales, como partidos de f\u00fatbol, charreadas, danza, juego de rayuela y algunos grupos musicales amenizar\u00e1n la celebraci\u00f3n.<\/p>\n\n\n\n<p>Por otro lado, con el fin de resguardar la seguridad de quienes visiten el Pueblo M\u00e1gico, se garantiza la vigilancia y la coordinaci\u00f3n con Protecci\u00f3n Civil municipal, para que este evento se lleve con tranquilidad.<\/p>\n","protected":false},"excerpt":{"rendered":"<p>Mineral del Monte espera recibir unos 60 mil visitantes el pr\u00f3ximo fin de semana, para la edici\u00f3n 23 del Festival de la Plata, que se realizar\u00e1 del 14 al 16 de julio, y en el que estar\u00e1n participando 200 expositores que exhibir\u00e1n y pondr\u00e1n a la venta art\u00edculos y accesorios elaborados con este metal, esencia [&hellip;]<\/p>\n","protected":false},"author":93,"featured_media":269941,"comment_status":"closed","ping_status":"closed","sticky":false,"template":"","format":"standard","meta":{"footnotes":""},"categories":[15,59],"tags":[],"class_list":["post-269936","post","type-post","status-publish","format-standard","has-post-thumbnail","hentry","category-destacadas","category-general"],"_links":{"self":[{"href":"https:\/\/plazajuarez.mx\/historico\/wp-json\/wp\/v2\/posts\/269936","targetHints":{"allow":["GET"]}}],"collection":[{"href":"https:\/\/plazajuarez.mx\/historico\/wp-json\/wp\/v2\/posts"}],"about":[{"href":"https:\/\/plazajuarez.mx\/historico\/wp-json\/wp\/v2\/types\/post"}],"author":[{"embeddable":true,"href":"https:\/\/plazajuarez.mx\/historico\/wp-json\/wp\/v2\/users\/93"}],"replies":[{"embeddable":true,"href":"https:\/\/plazajuarez.mx\/historico\/wp-json\/wp\/v2\/comments?post=269936"}],"version-history":[{"count":0,"href":"https:\/\/plazajuarez.mx\/historico\/wp-json\/wp\/v2\/posts\/269936\/revisions"}],"wp:featuredmedia":[{"embeddable":true,"href":"https:\/\/plazajuarez.mx\/historico\/wp-json\/wp\/v2\/media\/269941"}],"wp:attachment":[{"href":"https:\/\/plazajuarez.mx\/historico\/wp-json\/wp\/v2\/media?parent=269936"}],"wp:term":[{"taxonomy":"category","embeddable":true,"href":"https:\/\/plazajuarez.mx\/historico\/wp-json\/wp\/v2\/categories?post=269936"},{"taxonomy":"post_tag","embeddable":true,"href":"https:\/\/plazajuarez.mx\/historico\/wp-json\/wp\/v2\/tags?post=269936"}],"curies":[{"name":"wp","href":"https:\/\/api.w.org\/{rel}","templated":true}]}}