{"id":269916,"date":"2023-07-13T05:21:23","date_gmt":"2023-07-13T11:21:23","guid":{"rendered":"https:\/\/plazajuarez.mx\/?p=269916"},"modified":"2023-07-13T05:21:24","modified_gmt":"2023-07-13T11:21:24","slug":"dan-banderazo-de-inicio-al-proyecto-mentes-brillantes","status":"publish","type":"post","link":"https:\/\/plazajuarez.mx\/historico\/dan-banderazo-de-inicio-al-proyecto-mentes-brillantes\/","title":{"rendered":"Dan banderazo de inicio al proyecto \u201cMentes Brillantes\u201d"},"content":{"rendered":"\n<p>Edda Vite, presidenta del Patronato del DIFH, y Javier Rodr\u00edguez, titular del Sistema, dieron el banderazo de inicio al proyecto \u201cMentes Brillantes\u201d en Casa de las y los Adolescentes.<\/p>\n\n\n\n<p>A trav\u00e9s de esta iniciativa, promovida por la asociaci\u00f3n civil \u201cSmiles\u201d e impulsada por la Familia DIFH, se otorgar\u00e1n becas a talentos destacados de Casa de la Ni\u00f1a y Casa del Ni\u00f1o, de un rango de edad de 14 a 17 a\u00f1os, quienes a lo largo de seis meses tomar\u00e1n talleres de desarrollo personal, inteligencia emocional y valores.<\/p>\n\n\n\n<p>Vite asegur\u00f3 que el trabajo conjunto entre sociedad y gobierno para beneficiar a la ni\u00f1ez y adolescencia hidalguense es la clave para obtener resultados positivos en favor de la educaci\u00f3n.<\/p>\n\n\n\n<p>Finalmente, agradeci\u00f3 a Smiles por el apoyo brindado al proyecto que beneficiar\u00e1 a la juventud de los Centros de Asistencia Social, e indic\u00f3 que continuar\u00e1 trabajando de la mano con las organizaciones civiles con el objetivo de impulsar el desarrollo integral de los grupos prioritarios, y as\u00ed garantizarles un mejor futuro.<\/p>\n","protected":false},"excerpt":{"rendered":"<p>Edda Vite, presidenta del Patronato del DIFH, y Javier Rodr\u00edguez, titular del Sistema, dieron el banderazo de inicio al proyecto \u201cMentes Brillantes\u201d en Casa de las y los Adolescentes. A trav\u00e9s de esta iniciativa, promovida por la asociaci\u00f3n civil \u201cSmiles\u201d e impulsada por la Familia DIFH, se otorgar\u00e1n becas a talentos destacados de Casa de [&hellip;]<\/p>\n","protected":false},"author":93,"featured_media":269928,"comment_status":"closed","ping_status":"closed","sticky":false,"template":"","format":"standard","meta":{"footnotes":""},"categories":[59],"tags":[],"class_list":["post-269916","post","type-post","status-publish","format-standard","has-post-thumbnail","hentry","category-general"],"_links":{"self":[{"href":"https:\/\/plazajuarez.mx\/historico\/wp-json\/wp\/v2\/posts\/269916","targetHints":{"allow":["GET"]}}],"collection":[{"href":"https:\/\/plazajuarez.mx\/historico\/wp-json\/wp\/v2\/posts"}],"about":[{"href":"https:\/\/plazajuarez.mx\/historico\/wp-json\/wp\/v2\/types\/post"}],"author":[{"embeddable":true,"href":"https:\/\/plazajuarez.mx\/historico\/wp-json\/wp\/v2\/users\/93"}],"replies":[{"embeddable":true,"href":"https:\/\/plazajuarez.mx\/historico\/wp-json\/wp\/v2\/comments?post=269916"}],"version-history":[{"count":0,"href":"https:\/\/plazajuarez.mx\/historico\/wp-json\/wp\/v2\/posts\/269916\/revisions"}],"wp:featuredmedia":[{"embeddable":true,"href":"https:\/\/plazajuarez.mx\/historico\/wp-json\/wp\/v2\/media\/269928"}],"wp:attachment":[{"href":"https:\/\/plazajuarez.mx\/historico\/wp-json\/wp\/v2\/media?parent=269916"}],"wp:term":[{"taxonomy":"category","embeddable":true,"href":"https:\/\/plazajuarez.mx\/historico\/wp-json\/wp\/v2\/categories?post=269916"},{"taxonomy":"post_tag","embeddable":true,"href":"https:\/\/plazajuarez.mx\/historico\/wp-json\/wp\/v2\/tags?post=269916"}],"curies":[{"name":"wp","href":"https:\/\/api.w.org\/{rel}","templated":true}]}}