{"id":269903,"date":"2023-07-13T09:22:00","date_gmt":"2023-07-13T15:22:00","guid":{"rendered":"https:\/\/plazajuarez.mx\/?p=269903"},"modified":"2023-07-12T21:25:21","modified_gmt":"2023-07-13T03:25:21","slug":"diego","status":"publish","type":"post","link":"https:\/\/plazajuarez.mx\/historico\/diego\/","title":{"rendered":"Diego de Erice explota contra acusaciones"},"content":{"rendered":"\n<ul class=\"wp-block-list\">\n<li>Hablar de &#8220;La casa de los famosos&#8221; es hablar de esc\u00e1ndalo<\/li>\n<\/ul>\n\n\n\n<p><\/p>\n\n\n\n<p>Hablar de &#8220;La casa de los famosos&#8221; es hablar de esc\u00e1ndalo y muchas pol\u00e9micas, no s\u00f3lo por las acciones de sus participantes, tambi\u00e9n por las especulaciones que, desde hace ya varios d\u00edas, envuelven al programa y es que, en varias ocasiones ha sido se\u00f1alado de fraude por parte de los fans y televidentes.<\/p>\n\n\n\n<p>A trav\u00e9s de su cuenta oficial de Twitter, De Erice fue tajante al decir que no apoyaba los comentarios que afectaban la credibilidad al programa y mucho menos a las votaciones, incluso, los calific\u00f3 como una total falta de respeto.<\/p>\n\n\n\n<p>Sobre los supuestos &#8220;bots&#8221; a favor de Mayer, Diego tambi\u00e9n respondi\u00f3 y dej\u00f3 claro que no hay manera de que se haga trampa, pues &#8220;los votos valen, se contabilizan, y no son bots&#8221;, agreg\u00f3.<\/p>\n","protected":false},"excerpt":{"rendered":"<p>Hablar de &#8220;La casa de los famosos&#8221; es hablar de esc\u00e1ndalo y muchas pol\u00e9micas, no s\u00f3lo por las acciones de sus participantes, tambi\u00e9n por las especulaciones que, desde hace ya varios d\u00edas, envuelven al programa y es que, en varias ocasiones ha sido se\u00f1alado de fraude por parte de los fans y televidentes. A trav\u00e9s [&hellip;]<\/p>\n","protected":false},"author":81,"featured_media":269904,"comment_status":"closed","ping_status":"closed","sticky":false,"template":"","format":"standard","meta":{"footnotes":""},"categories":[38],"tags":[],"class_list":["post-269903","post","type-post","status-publish","format-standard","has-post-thumbnail","hentry","category-show"],"_links":{"self":[{"href":"https:\/\/plazajuarez.mx\/historico\/wp-json\/wp\/v2\/posts\/269903","targetHints":{"allow":["GET"]}}],"collection":[{"href":"https:\/\/plazajuarez.mx\/historico\/wp-json\/wp\/v2\/posts"}],"about":[{"href":"https:\/\/plazajuarez.mx\/historico\/wp-json\/wp\/v2\/types\/post"}],"author":[{"embeddable":true,"href":"https:\/\/plazajuarez.mx\/historico\/wp-json\/wp\/v2\/users\/81"}],"replies":[{"embeddable":true,"href":"https:\/\/plazajuarez.mx\/historico\/wp-json\/wp\/v2\/comments?post=269903"}],"version-history":[{"count":0,"href":"https:\/\/plazajuarez.mx\/historico\/wp-json\/wp\/v2\/posts\/269903\/revisions"}],"wp:featuredmedia":[{"embeddable":true,"href":"https:\/\/plazajuarez.mx\/historico\/wp-json\/wp\/v2\/media\/269904"}],"wp:attachment":[{"href":"https:\/\/plazajuarez.mx\/historico\/wp-json\/wp\/v2\/media?parent=269903"}],"wp:term":[{"taxonomy":"category","embeddable":true,"href":"https:\/\/plazajuarez.mx\/historico\/wp-json\/wp\/v2\/categories?post=269903"},{"taxonomy":"post_tag","embeddable":true,"href":"https:\/\/plazajuarez.mx\/historico\/wp-json\/wp\/v2\/tags?post=269903"}],"curies":[{"name":"wp","href":"https:\/\/api.w.org\/{rel}","templated":true}]}}