{"id":269900,"date":"2023-07-13T06:19:00","date_gmt":"2023-07-13T12:19:00","guid":{"rendered":"https:\/\/plazajuarez.mx\/?p=269900"},"modified":"2023-07-12T21:27:29","modified_gmt":"2023-07-13T03:27:29","slug":"emmy","status":"publish","type":"post","link":"https:\/\/plazajuarez.mx\/historico\/emmy\/","title":{"rendered":"Mexicanos que compiten en los Emmy 2023"},"content":{"rendered":"\n<ul class=\"wp-block-list\">\n<li>La cuenta regresiva para la ceremonia el 18 de septiembre comenz\u00f3<\/li>\n<\/ul>\n\n\n\n<p><\/p>\n\n\n\n<p>Al fin la lista de los nominados a los Premios Emmy 2023 se ha dado a conocer, y la cuenta regresiva para la ceremonia el 18 de septiembre comenz\u00f3, entre los posibles ganadores que la Academia de Artes y Ciencias de la Televisi\u00f3n de Estados Unidos ha contemplado, hay algunos mexicanos que podr\u00edan dar la sorpresa.<\/p>\n\n\n\n<p>Quien podr\u00eda contar en su historia profesional con un Emmy, aunque no sea de manera individual, es el actor Diego Luna, cuyo trabajo ser\u00e1 evaluado por lo hecho en la serie &#8220;Andor, la precuela de Rogue One: una historia de Star Wars&#8221;; en la cual vuelve a dar vida al rebelde Cassian Andor, cuya historia se cuenta desde que era un ladr\u00f3n hasta que termina como un revolucionario.<\/p>\n\n\n\n<p>Otro mexicano que est\u00e1 presente en esta premiaci\u00f3n es Guillermo del Toro, con su serie &#8220;Guillermo del Toro&#8217;s Cabinet of Curiosities&#8221;, en la cual presenta una selecci\u00f3n de historias de horror la cuales pone ante el espectador con su tenebroso y oscuro estilo, esta serie se estren\u00f3 en octubre del a\u00f1o pasado por Netflix.<\/p>\n\n\n\n<p>Entre las categor\u00edas que &#8220;Cabinet of Curiosities&#8221; compite y podr\u00eda llevarse un Emmy est\u00e1n: Dise\u00f1o de Producci\u00f3n para un Periodo Narrativo en un Programa de Fantas\u00eda, Cinematograf\u00eda para una Serie o Pel\u00edcula Limitada o Antol\u00f3gica, Maquillaje Prost\u00e9tico, Tema Musical Principal, Ed<\/p>\n","protected":false},"excerpt":{"rendered":"<p>Al fin la lista de los nominados a los Premios Emmy 2023 se ha dado a conocer, y la cuenta regresiva para la ceremonia el 18 de septiembre comenz\u00f3, entre los posibles ganadores que la Academia de Artes y Ciencias de la Televisi\u00f3n de Estados Unidos ha contemplado, hay algunos mexicanos que podr\u00edan dar la [&hellip;]<\/p>\n","protected":false},"author":81,"featured_media":269901,"comment_status":"closed","ping_status":"closed","sticky":false,"template":"","format":"standard","meta":{"footnotes":""},"categories":[38],"tags":[],"class_list":["post-269900","post","type-post","status-publish","format-standard","has-post-thumbnail","hentry","category-show"],"_links":{"self":[{"href":"https:\/\/plazajuarez.mx\/historico\/wp-json\/wp\/v2\/posts\/269900","targetHints":{"allow":["GET"]}}],"collection":[{"href":"https:\/\/plazajuarez.mx\/historico\/wp-json\/wp\/v2\/posts"}],"about":[{"href":"https:\/\/plazajuarez.mx\/historico\/wp-json\/wp\/v2\/types\/post"}],"author":[{"embeddable":true,"href":"https:\/\/plazajuarez.mx\/historico\/wp-json\/wp\/v2\/users\/81"}],"replies":[{"embeddable":true,"href":"https:\/\/plazajuarez.mx\/historico\/wp-json\/wp\/v2\/comments?post=269900"}],"version-history":[{"count":0,"href":"https:\/\/plazajuarez.mx\/historico\/wp-json\/wp\/v2\/posts\/269900\/revisions"}],"wp:featuredmedia":[{"embeddable":true,"href":"https:\/\/plazajuarez.mx\/historico\/wp-json\/wp\/v2\/media\/269901"}],"wp:attachment":[{"href":"https:\/\/plazajuarez.mx\/historico\/wp-json\/wp\/v2\/media?parent=269900"}],"wp:term":[{"taxonomy":"category","embeddable":true,"href":"https:\/\/plazajuarez.mx\/historico\/wp-json\/wp\/v2\/categories?post=269900"},{"taxonomy":"post_tag","embeddable":true,"href":"https:\/\/plazajuarez.mx\/historico\/wp-json\/wp\/v2\/tags?post=269900"}],"curies":[{"name":"wp","href":"https:\/\/api.w.org\/{rel}","templated":true}]}}