{"id":2699,"date":"2015-03-24T06:00:00","date_gmt":"2015-03-24T06:00:00","guid":{"rendered":"http:\/\/plazajuarez.mx\/index\/index.php\/2015\/03\/24\/dura-denuncia-de-transportistas-contra-policia-municipal-de-vialidad\/"},"modified":"2015-03-24T06:00:00","modified_gmt":"2015-03-24T06:00:00","slug":"dura-denuncia-de-transportistas-contra-policia-municipal-de-vialidad","status":"publish","type":"post","link":"https:\/\/plazajuarez.mx\/historico\/dura-denuncia-de-transportistas-contra-policia-municipal-de-vialidad\/","title":{"rendered":"Dura denuncia de transportistas  contra polic\u00eda municipal de vialidad"},"content":{"rendered":"<p><strong>Tula de Allende<\/strong><\/p>\n<ul>\n<li><strong>El Frente Unido del Transporte de Tula dijeron estar cansados de tener que pagarles una cuota para que los dejen trabajar<\/strong><\/li>\n<li><strong>\u201cSi no nos <em>mochamos<\/em> de inmediato se da la venganza con las infracciones\u201d<\/strong><\/li>\n<li><strong><strong>Exigen al Gobierno Municipal atienda la problem\u00e1tica o se har\u00e1n escuchar con manifestaciones en las calles<\/strong><\/strong> <!--more--> \u00a0<\/li>\n<\/ul>\n<p>Representantes del Frente Unidos del Transporte de Tula dieron un ultim\u00e1tum al Gobierno Municipal, para que atienda la problem\u00e1tica del transporte p\u00fablico o de lo contrario se har\u00e1n escuchar saliendo a las calles a protestar, \u201cya estamos cansados de que para que nos dejen trabajar tengamos que dar \u201cmochada\u201d.<\/p>\n<p>\u00a0<\/p>\n<p>Dijeron que est\u00e1n cansados de tener que pagar una cuota a los polic\u00edas municipales de vialidad para que los dejen trabajar y que si no se \u201cmochan\u201d de inmediato se da la venganza con las infracciones.<\/p>\n<p>\u00a0<\/p>\n<p>Alberto Tapia Serrano, en representaci\u00f3n del comit\u00e9 directivo del Frente Unidos del Transporte de Tula se\u00f1al\u00f3 que en reiteradas ocasiones a trav\u00e9s de diversos documentos han hecho llegar al alcalde, Jaime Allende Gonz\u00e1lez,\u00a0 a los regidores de la Comisi\u00f3n de Transporte y a la Secretar\u00eda de Seguridad P\u00fablica Municipal, pero que simplemente no han tenido una respuesta, por lo que ya est\u00e1n cansados de seguir esperando.<\/p>\n<p>\u00a0<\/p>\n<p>Dijo que su apuesta es al di\u00e1logo, pero que al ver que sus peticiones han sido ignoradas, en su momento van a tener que recurrir a las manifestaciones, al ser la \u00fanica alternativa para que se atienda la problem\u00e1tica que han resumido en diez puntos.<\/p>\n<p>\u00a0<\/p>\n<p>Record\u00f3 que los problemas graves que enfrentan es la inseguridad, la proliferaci\u00f3n de unidades del transporte p\u00fablico que circulan con placas particulares (unidades piratas), invasi\u00f3n de rutas y bases, los taxis for\u00e1neos, adem\u00e1s de la preferencia que da el Gobierno Municipal de Tula, al monopolio de la l\u00ednea de Autotransportes Valle del Mezquital que ha corrompido al transporte p\u00fablico.<\/p>\n<p>\u00a0<\/p>\n<p>En el tema de inseguridad manifestaron que el \u00edndice delictivo no ha bajado, sino por el contrario va a la alza, y refiri\u00f3 \u201cHay est\u00e1\u00a0 el tema de las muertas en Tula del que se culp\u00f3 a los taxistas, pero nunca se aclar\u00f3 debidamente, sin embargo muertes sigue habiendo, s\u00f3lo que ahora la autoridad lo oculta y no se ventila, lo que significa que el usuario y el transportista est\u00e1 en riesgo&#8221;.<\/p>\n<p>\u00a0<\/p>\n<p>Alberto Tapia recalc\u00f3: \u201cYa fuimos tolerantes. S\u00f3lo nos dan atole con el dedo, siempre hemos tratado de hacerlo mediante el di\u00e1logo y con respeto, pero eso no significa que los concesionarios legalmente reconocidos vamos a permitir que nos sigan viendo la cara, hemos dejo claro que no estamos viendo intereses personales, sino que la exigencia es con el objetivo de brindar un mejor servicio al usuario\u201d.<\/p>\n<p>\u00a0<\/p>\n<p>Reiter\u00f3 que est\u00e1n agotando el di\u00e1logo, pero que si la autoridad sigue en su postura de no actuar, no les quedar\u00e1 de otra m\u00e1s que hacerse escuchar a trav\u00e9s del cierre de calles, \u201cNo es posible que no cumplan con su obligaci\u00f3n como autoridad de atender la problem\u00e1tica que se presenta como en el caso del transporte p\u00fablico\u201d.<\/p>\n<p>\u00a0<\/p>\n<p>Los inconformes aseguraron que ante la falta de atenci\u00f3n de la autoridad municipal se est\u00e1n viendo afectados m\u00e1s de 200 concesionarios de las diferentes comunidades y localidades que conforman el municipio,\u00a0<\/p>\n<p>\u00a0<\/p>\n<p>Los concesionarios tambi\u00e9n se quejaron de la corrupci\u00f3n que mencionaron \u201cEst\u00e1 al orden del d\u00eda, nos piden la famosa mochada para que nos dejen trabajar\u201d. Reconoci\u00f3 que de \u00e9sta no escapan ni los choferes de AVM, quienes tienen que darle, cada que pasan, su moneda al oficial de tr\u00e1nsito y vialidad\u201d.<\/p>\n<p>\u00a0<\/p>\n<p>Dijo que al negarse los taxistas a pagar \u201cla mochada\u201d, de inmediato los uniformados toman venganza y los infraccionan, por lo que para hacer patente su inconformidad se reunieron con el secretario de Seguridad P\u00fablica Municipal, Carlos Ben\u00edtez Olivares a quien le plantear\u00edan sus inconformidades.<\/p>\n<p>\u00a0<\/p>\n<p>Agreg\u00f3: \u201cseguramente a los oficiales los mandan a pedir cuotas, pero eso s\u00ed no sabemos a d\u00f3nde llega ese dinero o si sean exclusivamente para los oficiales o sus superiores los manden para que cubran la cuota que les impongan\u201d.<\/p>\n<p>\u00a0<\/p>\n<p>En lo que se refiere a las quejas que tambi\u00e9n los usuarios han externado en contra de los operadores, se asegur\u00f3 que son sancionados y que antes de que cuenten con el permiso para conducir una unidad del transporte p\u00fablico se les capacita y se les hace saber sus obligaciones.<\/p>\n<p>\u00a0<\/p>\n<p>Finalmente, Alberto Tapia coment\u00f3 que sobre el programa de Taxi Seguro estuvieron en desacuerdo, debido a que se pretendi\u00f3 incluir a las unidades con placas particulares y que en lo que est\u00e1n de acuerdo es en que ciudadan\u00eda,\u00a0 transportistas y autoridades deben estar en coordinaci\u00f3n para evitar la inseguridad.<\/p>\n","protected":false},"excerpt":{"rendered":"<p>Tula de Allende El Frente Unido del Transporte de Tula dijeron estar cansados de tener que pagarles una cuota para que los dejen trabajar \u201cSi no nos mochamos de inmediato se da la venganza con las infracciones\u201d Exigen al Gobierno Municipal atienda la problem\u00e1tica o se har\u00e1n escuchar con manifestaciones en las calles<\/p>\n","protected":false},"author":93,"featured_media":0,"comment_status":"open","ping_status":"open","sticky":false,"template":"","format":"standard","meta":{"footnotes":""},"categories":[40],"tags":[],"class_list":["post-2699","post","type-post","status-publish","format-standard","hentry","category-region"],"_links":{"self":[{"href":"https:\/\/plazajuarez.mx\/historico\/wp-json\/wp\/v2\/posts\/2699","targetHints":{"allow":["GET"]}}],"collection":[{"href":"https:\/\/plazajuarez.mx\/historico\/wp-json\/wp\/v2\/posts"}],"about":[{"href":"https:\/\/plazajuarez.mx\/historico\/wp-json\/wp\/v2\/types\/post"}],"author":[{"embeddable":true,"href":"https:\/\/plazajuarez.mx\/historico\/wp-json\/wp\/v2\/users\/93"}],"replies":[{"embeddable":true,"href":"https:\/\/plazajuarez.mx\/historico\/wp-json\/wp\/v2\/comments?post=2699"}],"version-history":[{"count":0,"href":"https:\/\/plazajuarez.mx\/historico\/wp-json\/wp\/v2\/posts\/2699\/revisions"}],"wp:attachment":[{"href":"https:\/\/plazajuarez.mx\/historico\/wp-json\/wp\/v2\/media?parent=2699"}],"wp:term":[{"taxonomy":"category","embeddable":true,"href":"https:\/\/plazajuarez.mx\/historico\/wp-json\/wp\/v2\/categories?post=2699"},{"taxonomy":"post_tag","embeddable":true,"href":"https:\/\/plazajuarez.mx\/historico\/wp-json\/wp\/v2\/tags?post=2699"}],"curies":[{"name":"wp","href":"https:\/\/api.w.org\/{rel}","templated":true}]}}