{"id":269897,"date":"2023-07-13T08:16:00","date_gmt":"2023-07-13T14:16:00","guid":{"rendered":"https:\/\/plazajuarez.mx\/?p=269897"},"modified":"2023-07-12T21:19:08","modified_gmt":"2023-07-13T03:19:08","slug":"conade","status":"publish","type":"post","link":"https:\/\/plazajuarez.mx\/historico\/conade\/","title":{"rendered":"S\u00ed se dio recurso para que atletas vayan a Universiada: Conade"},"content":{"rendered":"\n<ul class=\"wp-block-list\">\n<li>La Conade emiti\u00f3 un comunicado donde afirma que s\u00ed brind\u00f3 el recurso econ\u00f3mico para que 310 atletas acudieran al certamen<\/li>\n<\/ul>\n\n\n\n<p>La Universiada Mundial est\u00e1 agendada para disputarse del 18 al 29 de agosto en Chengdu, China<br>La Comisi\u00f3n Nacional de Cultura F\u00edsica y Deporte hab\u00eda sido blanco de cr\u00edticas debido a que el Consejo Nacional del Deporte de la Educaci\u00f3n se\u00f1al\u00f3 que M\u00e9xico no acudir\u00e1 a la Universiada Mundial debido a que Conade no dio el presupuesto, sin embargo, este organismo sali\u00f3 a desmentir este se\u00f1alamiento.<\/p>\n\n\n\n<p>La Conade emiti\u00f3 un comunicado donde afirma que s\u00ed brind\u00f3 el recurso econ\u00f3mico para que 310 atletas acudieran al certamen, el presupuesto que se entreg\u00f3 fue de 50 millones de pesos.<\/p>\n\n\n\n<p>&#8220;Conade no ha dejado de apoyar los compromisos del Consejo Nacional del Deporte de la Educaci\u00f3n, en cada ejercicio fiscal anual y, prueba de ello, son los 50 millones de pesos convenidos con ese organismo y que fueron ministrados el pasado 19 de mayo de 2023, el cual considera los compromisos que tiene para la cobertura de inscripciones y derechos de participaci\u00f3n en eventos internacionales, Universiada Mundial (Juegos Mundiales Universitarios), campeonatos y ligas mundiales universitarias y reuniones internacionales, entre otros compromisos y eventos nacionales, a fin de dar cumplimiento a su objeto social&#8221;, se lee en el comunicado.<\/p>\n\n\n\n<p>La Universiada Mundial est\u00e1 agendada para disputarse del 18 al 29 de agosto en Chengdu, China.<\/p>\n\n\n\n<p>Para esta edici\u00f3n M\u00e9xico ten\u00eda conformada una delegaci\u00f3n de 310 atletas y de no acudir al torneo, ser\u00eda la primera vez en toda la historia que no participa.<\/p>\n\n\n\n<p>Desde el punto de vista de Conade, el mensaje que emiti\u00f3 Condde &#8220;fue doloso, desinformando a sus comunidades y al p\u00fablico en general al dar a entender que no ha recibido apoyos con recursos federales&#8221;, ya que en todo momento han recibido apoyo para el deporte universitario.<\/p>\n\n\n\n<p>Aunque consideran que este mensaje se\u00f1alando la falta de apoyo de Conade puede tener objetivos de otro tipo.<\/p>\n\n\n\n<p>&#8220;Entendemos que dados los tiempos pol\u00edticos y el sinf\u00edn de notas informativas publicadas en los distintos medios de comunicaci\u00f3n impresos y electr\u00f3nicos, han afectado la imagen de nuestras instituciones gubernamentales federales, m\u00e1s confiamos en que la gran capacidad de gesti\u00f3n de que aducen siempre los integrantes del Condde&#8221;, a\u00f1ade Conade en su comunicado.<\/p>\n","protected":false},"excerpt":{"rendered":"<p>La Universiada Mundial est\u00e1 agendada para disputarse del 18 al 29 de agosto en Chengdu, ChinaLa Comisi\u00f3n Nacional de Cultura F\u00edsica y Deporte hab\u00eda sido blanco de cr\u00edticas debido a que el Consejo Nacional del Deporte de la Educaci\u00f3n se\u00f1al\u00f3 que M\u00e9xico no acudir\u00e1 a la Universiada Mundial debido a que Conade no dio el [&hellip;]<\/p>\n","protected":false},"author":81,"featured_media":269894,"comment_status":"closed","ping_status":"closed","sticky":false,"template":"","format":"standard","meta":{"footnotes":""},"categories":[39],"tags":[],"class_list":["post-269897","post","type-post","status-publish","format-standard","has-post-thumbnail","hentry","category-deportiva"],"_links":{"self":[{"href":"https:\/\/plazajuarez.mx\/historico\/wp-json\/wp\/v2\/posts\/269897","targetHints":{"allow":["GET"]}}],"collection":[{"href":"https:\/\/plazajuarez.mx\/historico\/wp-json\/wp\/v2\/posts"}],"about":[{"href":"https:\/\/plazajuarez.mx\/historico\/wp-json\/wp\/v2\/types\/post"}],"author":[{"embeddable":true,"href":"https:\/\/plazajuarez.mx\/historico\/wp-json\/wp\/v2\/users\/81"}],"replies":[{"embeddable":true,"href":"https:\/\/plazajuarez.mx\/historico\/wp-json\/wp\/v2\/comments?post=269897"}],"version-history":[{"count":0,"href":"https:\/\/plazajuarez.mx\/historico\/wp-json\/wp\/v2\/posts\/269897\/revisions"}],"wp:featuredmedia":[{"embeddable":true,"href":"https:\/\/plazajuarez.mx\/historico\/wp-json\/wp\/v2\/media\/269894"}],"wp:attachment":[{"href":"https:\/\/plazajuarez.mx\/historico\/wp-json\/wp\/v2\/media?parent=269897"}],"wp:term":[{"taxonomy":"category","embeddable":true,"href":"https:\/\/plazajuarez.mx\/historico\/wp-json\/wp\/v2\/categories?post=269897"},{"taxonomy":"post_tag","embeddable":true,"href":"https:\/\/plazajuarez.mx\/historico\/wp-json\/wp\/v2\/tags?post=269897"}],"curies":[{"name":"wp","href":"https:\/\/api.w.org\/{rel}","templated":true}]}}