{"id":269870,"date":"2023-07-13T07:45:18","date_gmt":"2023-07-13T13:45:18","guid":{"rendered":"https:\/\/plazajuarez.mx\/?p=269870"},"modified":"2023-07-12T21:05:27","modified_gmt":"2023-07-13T03:05:27","slug":"hidalgo_-8","status":"publish","type":"post","link":"https:\/\/plazajuarez.mx\/historico\/hidalgo_-8\/","title":{"rendered":"Detienen a joven presunto responsable de asesinar a ni\u00f1a en Hidalgo"},"content":{"rendered":"\n<p> Elementos de la polic\u00eda investigadora de la Procuradur\u00eda de Justicia de Hidalgo detuvieron a un adolescente de 15 a\u00f1os como presunto responsable de la violaci\u00f3n y asesinato de una ni\u00f1a de 12 a\u00f1os, ocurrido el fin de semana en el municipio de Chapulhuac\u00e1n.<\/p>\n\n\n\n<p>El encargado del despacho de la Procuradur\u00eda de Justicia, Santiago Nieto Castillo, dio a conocer que ayer martes se ejecut\u00f3 la orden de aprehensi\u00f3n en contra del presunto responsable de este crimen, de quien se resguardan sus datos debido a que es menor de edad.<\/p>\n\n\n\n<p>El presunto responsable fue presentado ante un juez especializado en justicia para adolescentes, donde su defensa se acogi\u00f3 a un plazo de 72 horas para definir su situaci\u00f3n legal. Sin embargo, como medida cautelar se determin\u00f3 el internamiento preventivo.<\/p>\n\n\n\n<p>Santiago Nieto asever\u00f3 que se impulsar\u00e1 hasta las \u00faltimas consecuencias este caso, para que se haga justicia a los familiares de la v\u00edctima. Dijo que est\u00e1 probada la participaci\u00f3n del menor ya que hay coincidencias en la qu\u00edmica forense y los estudios que se realizaron al cuerpo y la ropa de la menor.<\/p>\n\n\n\n<p>Hasta el momento asegur\u00f3 que el adolescente es el \u00fanico detenido por este caso y se siguen las pistas de investigaci\u00f3n para determinar si hay m\u00e1s personas implicadas en los hechos.<\/p>\n\n\n\n<p>Tras este asesinato que conmocion\u00f3 no s\u00f3lo el municipio de Chapulhuac\u00e1n sino a Hidalgo, debido a la sa\u00f1a con que fue cometido, resalt\u00f3 que es momento de reflexionar en los beneficios que la justicia para adolescentes otorga a los menores, sobre todo si se trata de casos graves como este.<\/p>\n\n\n\n<p>&#8220;Evidentemente no vamos a tolerar la impunidad&#8221;.<\/p>\n\n\n\n<p>El domingo se dio a conocer del asesinato y violaci\u00f3n en contra de una ni\u00f1a de 12 a\u00f1os, identificada como Yaretzi, quien sali\u00f3 de su domicilio a una papeler\u00eda para terminar una tarea escolar que ten\u00eda que entregar el lunes siguiente.<\/p>\n\n\n\n<p>Sin embargo, ya no regres\u00f3 a su casa, por lo cual sus familiares salieron a buscarla y la localizaron sin vida y con huellas de violencia sexual y de tortura.<\/p>\n","protected":false},"excerpt":{"rendered":"<p>Elementos de la polic\u00eda investigadora de la Procuradur\u00eda de Justicia de Hidalgo detuvieron a un adolescente de 15 a\u00f1os como presunto responsable de la violaci\u00f3n y asesinato de una ni\u00f1a de 12 a\u00f1os, ocurrido el fin de semana en el municipio de Chapulhuac\u00e1n. El encargado del despacho de la Procuradur\u00eda de Justicia, Santiago Nieto Castillo, [&hellip;]<\/p>\n","protected":false},"author":81,"featured_media":269871,"comment_status":"closed","ping_status":"closed","sticky":false,"template":"","format":"standard","meta":{"footnotes":""},"categories":[37,15,2159],"tags":[],"class_list":["post-269870","post","type-post","status-publish","format-standard","has-post-thumbnail","hentry","category-barandilla","category-destacadas","category-noticias-de-hidalgo"],"_links":{"self":[{"href":"https:\/\/plazajuarez.mx\/historico\/wp-json\/wp\/v2\/posts\/269870","targetHints":{"allow":["GET"]}}],"collection":[{"href":"https:\/\/plazajuarez.mx\/historico\/wp-json\/wp\/v2\/posts"}],"about":[{"href":"https:\/\/plazajuarez.mx\/historico\/wp-json\/wp\/v2\/types\/post"}],"author":[{"embeddable":true,"href":"https:\/\/plazajuarez.mx\/historico\/wp-json\/wp\/v2\/users\/81"}],"replies":[{"embeddable":true,"href":"https:\/\/plazajuarez.mx\/historico\/wp-json\/wp\/v2\/comments?post=269870"}],"version-history":[{"count":0,"href":"https:\/\/plazajuarez.mx\/historico\/wp-json\/wp\/v2\/posts\/269870\/revisions"}],"wp:featuredmedia":[{"embeddable":true,"href":"https:\/\/plazajuarez.mx\/historico\/wp-json\/wp\/v2\/media\/269871"}],"wp:attachment":[{"href":"https:\/\/plazajuarez.mx\/historico\/wp-json\/wp\/v2\/media?parent=269870"}],"wp:term":[{"taxonomy":"category","embeddable":true,"href":"https:\/\/plazajuarez.mx\/historico\/wp-json\/wp\/v2\/categories?post=269870"},{"taxonomy":"post_tag","embeddable":true,"href":"https:\/\/plazajuarez.mx\/historico\/wp-json\/wp\/v2\/tags?post=269870"}],"curies":[{"name":"wp","href":"https:\/\/api.w.org\/{rel}","templated":true}]}}