{"id":2698,"date":"2015-03-24T06:00:00","date_gmt":"2015-03-24T06:00:00","guid":{"rendered":"http:\/\/plazajuarez.mx\/index\/index.php\/2015\/03\/24\/doble-conmemoracion-natalicio-de-benito-juarez-y-dia-mundial-del-agua\/"},"modified":"2015-03-24T06:00:00","modified_gmt":"2015-03-24T06:00:00","slug":"doble-conmemoracion-natalicio-de-benito-juarez-y-dia-mundial-del-agua","status":"publish","type":"post","link":"https:\/\/plazajuarez.mx\/historico\/doble-conmemoracion-natalicio-de-benito-juarez-y-dia-mundial-del-agua\/","title":{"rendered":"Doble conmemoraci\u00f3n: Natalicio de  Benito Ju\u00e1rez y D\u00eda Mundial del Agua\u00a0\u00a0"},"content":{"rendered":"<p><strong>Tepeji del R\u00edo<\/strong><\/p>\n<ul>\n<li><strong>Participan escuelas de nivel preescolar del municipio <\/strong><\/li>\n<li><strong><strong>Encabeza el evento el alcalde, Fernando Miranda Torres<\/strong><\/strong> <!--more--> \u00a0<\/li>\n<\/ul>\n<p>Con la participaci\u00f3n de escuelas de nivel preescolar de Tepeji del R\u00edo, se llev\u00f3 a cabo el desfile conmemorativo del Natalicio de Benito Ju\u00e1rez Garc\u00eda y la celebraci\u00f3n del D\u00eda Mundial del Agua.<\/p>\n<p>Fernando Miranda Torres, presidente municipal encabez\u00f3 el acto, acompa\u00f1ado de integrantes de la Asamblea Municipal y autoridades educativas. Al finalizar el desfile se realiz\u00f3 el acto c\u00edvico en el jard\u00edn municipal.<\/p>\n<p>El Alcalde reconoci\u00f3 la participaci\u00f3n de las autoridades educativas, padres de familia y alumnos, al mencionar que resulta importante para fortalecer el civismo en las nuevas generaciones y el conocimiento sobre la vida de personajes ilustres que formaron parte de la historia del pa\u00eds como Don Benito Ju\u00e1rez Garc\u00eda \u201cBenem\u00e9rito de las Am\u00e9ricas\u201d.<\/p>\n<p>Por su parte, Sergio Olvera Gonz\u00e1lez, director de la Comisi\u00f3n de Agua y Alcantarillado del Municipio de Tepeji del R\u00edo de Ocampo Hidalgo (CAAMTROH) resalt\u00f3 la importancia de que en el marco del D\u00eda Mundial del Agua, se haga consciencia sobre la importancia de este vital l\u00edquido.<\/p>\n<p>Dijo que \u201cel agua propicia el bienestar de la poblaci\u00f3n y tiene un impacto positivo en la vida de millones de personas, al incurrir en cuestiones que afectan a la seguridad alimentaria y de salud humana\u201d.<\/p>\n<p>Afirm\u00f3 que para el organismo operador que dirige y la administraci\u00f3n municipal ha sido una prioridad dotar de servicio de agua potable a m\u00e1s comunidades incrementando en un n\u00famero importante los usuarios con m\u00e1s de 24 kil\u00f3metros de red de agua potable y m\u00e1s de 14 kil\u00f3metros de drenaje sanitario.<\/p>\n<p>Al finalizar el evento se entregaron reconocimientos y art\u00edculos para bibliotecas did\u00e1cticas para las escuelas participantes.<\/p>\n","protected":false},"excerpt":{"rendered":"<p>Tepeji del R\u00edo Participan escuelas de nivel preescolar del municipio Encabeza el evento el alcalde, Fernando Miranda Torres<\/p>\n","protected":false},"author":93,"featured_media":0,"comment_status":"open","ping_status":"open","sticky":false,"template":"","format":"standard","meta":{"footnotes":""},"categories":[40],"tags":[],"class_list":["post-2698","post","type-post","status-publish","format-standard","hentry","category-region"],"_links":{"self":[{"href":"https:\/\/plazajuarez.mx\/historico\/wp-json\/wp\/v2\/posts\/2698","targetHints":{"allow":["GET"]}}],"collection":[{"href":"https:\/\/plazajuarez.mx\/historico\/wp-json\/wp\/v2\/posts"}],"about":[{"href":"https:\/\/plazajuarez.mx\/historico\/wp-json\/wp\/v2\/types\/post"}],"author":[{"embeddable":true,"href":"https:\/\/plazajuarez.mx\/historico\/wp-json\/wp\/v2\/users\/93"}],"replies":[{"embeddable":true,"href":"https:\/\/plazajuarez.mx\/historico\/wp-json\/wp\/v2\/comments?post=2698"}],"version-history":[{"count":0,"href":"https:\/\/plazajuarez.mx\/historico\/wp-json\/wp\/v2\/posts\/2698\/revisions"}],"wp:attachment":[{"href":"https:\/\/plazajuarez.mx\/historico\/wp-json\/wp\/v2\/media?parent=2698"}],"wp:term":[{"taxonomy":"category","embeddable":true,"href":"https:\/\/plazajuarez.mx\/historico\/wp-json\/wp\/v2\/categories?post=2698"},{"taxonomy":"post_tag","embeddable":true,"href":"https:\/\/plazajuarez.mx\/historico\/wp-json\/wp\/v2\/tags?post=2698"}],"curies":[{"name":"wp","href":"https:\/\/api.w.org\/{rel}","templated":true}]}}