{"id":26976,"date":"2016-08-19T13:39:32","date_gmt":"2016-08-19T13:39:32","guid":{"rendered":"http:\/\/plazajuarez.mx\/index\/index.php\/2016\/08\/19\/canacintra-preve-bajo-crecimiento-economico-para-2016\/"},"modified":"2016-08-19T13:39:32","modified_gmt":"2016-08-19T13:39:32","slug":"canacintra-preve-bajo-crecimiento-economico-para-2016","status":"publish","type":"post","link":"https:\/\/plazajuarez.mx\/historico\/canacintra-preve-bajo-crecimiento-economico-para-2016\/","title":{"rendered":"Canacintra prev\u00e9 bajo crecimiento econ\u00f3mico para 2016"},"content":{"rendered":"<p>Se\u00f1al\u00f3 que en los \u00faltimos tres meses los esfuerzos de los empresarios por mantener en equilibrio la estabilidad de la econom\u00eda han recibido un mayor embate por las protestas magisteriales en Chiapas, Guerrero, Michoac\u00e1n y Oaxaca donde 14 mil 500 empresas est\u00e1n en riesgo de cerrar.<\/p>\n<p>  <!--more-->  <\/p>\n<p>Asegur\u00f3 que de acuerdo con un an\u00e1lisis del Instituto para el Desarrollo Industrial y el Crecimiento Econ\u00f3mico (Idic), los bloqueos de v\u00edas de comunicaci\u00f3n, cierre de comercios, falta de insumos para la producci\u00f3n y merma de mercanc\u00edas como protesta en contra de la reforma educativa podr\u00edan representar la p\u00e9rdida de 45 mil empleos.<br \/>La C\u00e1mara Nacional de la Industria de la Transformaci\u00f3n (Canacintra) baj\u00f3 su previsi\u00f3n de crecimiento econ\u00f3mico para este a\u00f1o de entre 2.1 y 2.4 por ciento a un rango de entre 1.8 y 2.1 puntos porcentuales, frente al &#8220;dif\u00edcil panorama econ\u00f3mico&#8221; que se ha registrado en el primer semestre del a\u00f1o.<br \/>Lo anterior, dijo, como consecuencia de la &#8220;dram\u00e1tica ca\u00edda de los precios internacionales del petr\u00f3leo&#8221; y el impacto que tuvieron los recortes al gasto p\u00fablico.<br \/>El presidente del organismo, Enrique Guill\u00e9n Mondrag\u00f3n, dijo que la c\u00e1mara tambi\u00e9n incrementa su previsi\u00f3n de niveles inflacionarios al cierre del a\u00f1o a 3.3 por ciento como consecuencia del incremento en sus costos de producci\u00f3n por el alza a las tarifas el\u00e9ctricas y las gasolinas.<br \/>Si bien reconoci\u00f3 que las tarifas el\u00e9ctricas llevaban 18 meses consecutivos de reducciones antes de que se anunciaran las alzas de julio y agosto, dijo que los costos de producci\u00f3n se incrementaron 8.23 por ciento empujados tambi\u00e9n por la debilidad del tipo de cambio.<br \/>Hoy viendo los resultados del primer semestre bajamos nuestra perspectiva de crecimiento. En el tema inflacionario no se han dado los resultados que esper\u00e1bamos&#8221;, coment\u00f3 el dirigente en una conferencia a prop\u00f3sito de la celebraci\u00f3n de los 75 a\u00f1os del organismo fundado en 1941.<\/p>\n","protected":false},"excerpt":{"rendered":"<p>Se\u00f1al\u00f3 que en los \u00faltimos tres meses los esfuerzos de los empresarios por mantener en equilibrio la estabilidad de la econom\u00eda han recibido un mayor embate por las protestas magisteriales en Chiapas, Guerrero, Michoac\u00e1n y Oaxaca donde 14 mil 500 empresas est\u00e1n en riesgo de cerrar.<\/p>\n","protected":false},"author":93,"featured_media":0,"comment_status":"open","ping_status":"open","sticky":false,"template":"","format":"standard","meta":{"footnotes":""},"categories":[36],"tags":[],"class_list":["post-26976","post","type-post","status-publish","format-standard","hentry","category-nacion"],"_links":{"self":[{"href":"https:\/\/plazajuarez.mx\/historico\/wp-json\/wp\/v2\/posts\/26976","targetHints":{"allow":["GET"]}}],"collection":[{"href":"https:\/\/plazajuarez.mx\/historico\/wp-json\/wp\/v2\/posts"}],"about":[{"href":"https:\/\/plazajuarez.mx\/historico\/wp-json\/wp\/v2\/types\/post"}],"author":[{"embeddable":true,"href":"https:\/\/plazajuarez.mx\/historico\/wp-json\/wp\/v2\/users\/93"}],"replies":[{"embeddable":true,"href":"https:\/\/plazajuarez.mx\/historico\/wp-json\/wp\/v2\/comments?post=26976"}],"version-history":[{"count":0,"href":"https:\/\/plazajuarez.mx\/historico\/wp-json\/wp\/v2\/posts\/26976\/revisions"}],"wp:attachment":[{"href":"https:\/\/plazajuarez.mx\/historico\/wp-json\/wp\/v2\/media?parent=26976"}],"wp:term":[{"taxonomy":"category","embeddable":true,"href":"https:\/\/plazajuarez.mx\/historico\/wp-json\/wp\/v2\/categories?post=26976"},{"taxonomy":"post_tag","embeddable":true,"href":"https:\/\/plazajuarez.mx\/historico\/wp-json\/wp\/v2\/tags?post=26976"}],"curies":[{"name":"wp","href":"https:\/\/api.w.org\/{rel}","templated":true}]}}