{"id":26975,"date":"2016-08-19T13:39:17","date_gmt":"2016-08-19T13:39:17","guid":{"rendered":"http:\/\/plazajuarez.mx\/index\/index.php\/2016\/08\/19\/navarrete-pide-a-la-ip-no-aumentar-la-tension\/"},"modified":"2016-08-19T13:39:17","modified_gmt":"2016-08-19T13:39:17","slug":"navarrete-pide-a-la-ip-no-aumentar-la-tension","status":"publish","type":"post","link":"https:\/\/plazajuarez.mx\/historico\/navarrete-pide-a-la-ip-no-aumentar-la-tension\/","title":{"rendered":"Navarrete pide a la IP no aumentar la tensi\u00f3n"},"content":{"rendered":"<p>Les demanda cesar a su activismo<\/p>\n<p>\u25cf\u00a0\u00a0\u00a0 Romper la ley no es la soluci\u00f3n a los bloqueos de la CNTE, asegura el secretario del Trabajo<\/p>\n<p>  <!--more-->  <\/p>\n<p>El activismo de la clase empresarial para exigir que se acaben los bloqueos del magisterio es un foco de atenci\u00f3n para el gobierno federal, reconoci\u00f3 el secretario del Trabajo, Alfonso Navarrete Prida, quien pidi\u00f3 a la iniciativa privada (IP) ajustarse a la ley y no propiciar un aumento de tensiones.<br \/>En entrevista, opin\u00f3 que la soluci\u00f3n para los bloqueos y manifestaciones de la CNTE contra la reforma educativa no se va a dar rompiendo la ley con la estrategia de no pagar impuestos. Neg\u00f3 debilidad del gobierno federal por las presiones de distintos sectores y opin\u00f3 que hay una administraci\u00f3n fuerte que permite democr\u00e1ticamente las expresiones, pues afirma que es a trav\u00e9s del di\u00e1logo como se deben solucionar los problemas y no con respuestas autoritarias.<br \/>Tras destacar que el pa\u00eds vive un clima de tranquilidad laboral, sin huelgas y con un empleo al alza, dijo sobre el desempe\u00f1o del gabinete que tiene una calificaci\u00f3n aprobatoria y destaca el temple del presidente Enrique Pe\u00f1a Nieto porque todos los d\u00edas sale con el mismo entusiasmo, actitud y sensibilidad para resolver los problemas sin brotes autoritarios ni revanchas.<\/p>\n","protected":false},"excerpt":{"rendered":"<p>Les demanda cesar a su activismo \u25cf\u00a0\u00a0\u00a0 Romper la ley no es la soluci\u00f3n a los bloqueos de la CNTE, asegura el secretario del Trabajo<\/p>\n","protected":false},"author":93,"featured_media":0,"comment_status":"open","ping_status":"open","sticky":false,"template":"","format":"standard","meta":{"footnotes":""},"categories":[36],"tags":[],"class_list":["post-26975","post","type-post","status-publish","format-standard","hentry","category-nacion"],"_links":{"self":[{"href":"https:\/\/plazajuarez.mx\/historico\/wp-json\/wp\/v2\/posts\/26975","targetHints":{"allow":["GET"]}}],"collection":[{"href":"https:\/\/plazajuarez.mx\/historico\/wp-json\/wp\/v2\/posts"}],"about":[{"href":"https:\/\/plazajuarez.mx\/historico\/wp-json\/wp\/v2\/types\/post"}],"author":[{"embeddable":true,"href":"https:\/\/plazajuarez.mx\/historico\/wp-json\/wp\/v2\/users\/93"}],"replies":[{"embeddable":true,"href":"https:\/\/plazajuarez.mx\/historico\/wp-json\/wp\/v2\/comments?post=26975"}],"version-history":[{"count":0,"href":"https:\/\/plazajuarez.mx\/historico\/wp-json\/wp\/v2\/posts\/26975\/revisions"}],"wp:attachment":[{"href":"https:\/\/plazajuarez.mx\/historico\/wp-json\/wp\/v2\/media?parent=26975"}],"wp:term":[{"taxonomy":"category","embeddable":true,"href":"https:\/\/plazajuarez.mx\/historico\/wp-json\/wp\/v2\/categories?post=26975"},{"taxonomy":"post_tag","embeddable":true,"href":"https:\/\/plazajuarez.mx\/historico\/wp-json\/wp\/v2\/tags?post=26975"}],"curies":[{"name":"wp","href":"https:\/\/api.w.org\/{rel}","templated":true}]}}