{"id":269147,"date":"2023-07-08T20:30:15","date_gmt":"2023-07-09T02:30:15","guid":{"rendered":"https:\/\/plazajuarez.mx\/?p=269147"},"modified":"2023-07-08T20:30:17","modified_gmt":"2023-07-09T02:30:17","slug":"tras-rapina-en-volcadura-camioneta-embiste-a-5-personas-en-sinaloa","status":"publish","type":"post","link":"https:\/\/plazajuarez.mx\/historico\/tras-rapina-en-volcadura-camioneta-embiste-a-5-personas-en-sinaloa\/","title":{"rendered":"Tras rapi\u00f1a en volcadura, camioneta embiste a 5 personas en Sinaloa"},"content":{"rendered":"\n<p class=\"wp-block-paragraph\">En la rapi\u00f1a de cajas de galletas que quedaron en la carpeta asf\u00e1ltica de la carretera M\u00e9xico-Nogales, a la altura del Cerro de Barobampo, en el municipio de Ahome, una mujer falleci\u00f3 y cuatro m\u00e1s resultaron heridos al ser arrollados por un conductor que no se percat\u00f3 del accidente de un tr\u00e1iler.<br><br>La Guardia Nacional y la Polic\u00eda Municipal de Ahome tuvo que retirar del \u00e1rea del accidente de un tr\u00e1iler cargado con cajas de galletas a decenas de personas que se concentraron para apoderarse de la mercanc\u00eda, pese al riesgo que les implic\u00f3 colocarse en un \u00e1rea de curva de escasa visibilidad para los choferes de unidades de carga.<br><br>Mario Cosme Gallardo, coordinador de Protecci\u00f3n Civil del municipio de Ahome, lament\u00f3 que durante el saqueo de la mercanc\u00eda que qued\u00f3 expuesta al volcarse la unidad de carga que transportaba galletas, cinco personas fueron embestidas por alcance por el conductor de una camioneta que no se percat\u00f3 del accidente.<br><br>Subray\u00f3 que sin medir el grave riesgo de colocarse en la carpeta asf\u00e1ltica de la carretera M\u00e9xico-Nogales, a la altura de los cerros de Barobampo, en una zona de curva prolongada, decenas de personas acudieron a la rapi\u00f1a, por lo que ahora, se tiene una persona muerta y cuatro heridos.<br><br>La mujer que muri\u00f3 fue identificada como Mar\u00eda &#8220;N&#8221;, de 49 a\u00f1os de edad, la cual al conocer que se hab\u00eda registrado un accidente de un tr\u00e1iler cargado con mercanc\u00eda y que varias personas hab\u00edan acudido apoderarse de ellas, esta, tambi\u00e9n acudi\u00f3 al sitio, donde fue atropellada, junto con cuatro personas m\u00e1s.<\/p>\n","protected":false},"excerpt":{"rendered":"<p>En la rapi\u00f1a de cajas de galletas que quedaron en la carpeta asf\u00e1ltica de la carretera M\u00e9xico-Nogales, a la altura del Cerro de Barobampo, en el municipio de Ahome, una mujer falleci\u00f3 y cuatro m\u00e1s resultaron heridos al ser arrollados por un conductor que no se percat\u00f3 del accidente de un tr\u00e1iler. La Guardia Nacional [&hellip;]<\/p>\n","protected":false},"author":81,"featured_media":269148,"comment_status":"closed","ping_status":"closed","sticky":false,"template":"","format":"standard","meta":{"footnotes":""},"categories":[37],"tags":[],"class_list":["post-269147","post","type-post","status-publish","format-standard","has-post-thumbnail","hentry","category-barandilla"],"_links":{"self":[{"href":"https:\/\/plazajuarez.mx\/historico\/wp-json\/wp\/v2\/posts\/269147","targetHints":{"allow":["GET"]}}],"collection":[{"href":"https:\/\/plazajuarez.mx\/historico\/wp-json\/wp\/v2\/posts"}],"about":[{"href":"https:\/\/plazajuarez.mx\/historico\/wp-json\/wp\/v2\/types\/post"}],"author":[{"embeddable":true,"href":"https:\/\/plazajuarez.mx\/historico\/wp-json\/wp\/v2\/users\/81"}],"replies":[{"embeddable":true,"href":"https:\/\/plazajuarez.mx\/historico\/wp-json\/wp\/v2\/comments?post=269147"}],"version-history":[{"count":0,"href":"https:\/\/plazajuarez.mx\/historico\/wp-json\/wp\/v2\/posts\/269147\/revisions"}],"wp:featuredmedia":[{"embeddable":true,"href":"https:\/\/plazajuarez.mx\/historico\/wp-json\/wp\/v2\/media\/269148"}],"wp:attachment":[{"href":"https:\/\/plazajuarez.mx\/historico\/wp-json\/wp\/v2\/media?parent=269147"}],"wp:term":[{"taxonomy":"category","embeddable":true,"href":"https:\/\/plazajuarez.mx\/historico\/wp-json\/wp\/v2\/categories?post=269147"},{"taxonomy":"post_tag","embeddable":true,"href":"https:\/\/plazajuarez.mx\/historico\/wp-json\/wp\/v2\/tags?post=269147"}],"curies":[{"name":"wp","href":"https:\/\/api.w.org\/{rel}","templated":true}]}}