{"id":269131,"date":"2023-07-08T20:13:06","date_gmt":"2023-07-09T02:13:06","guid":{"rendered":"https:\/\/plazajuarez.mx\/?p=269131"},"modified":"2023-07-08T20:13:08","modified_gmt":"2023-07-09T02:13:08","slug":"aguas-con-el-agua-alcalde","status":"publish","type":"post","link":"https:\/\/plazajuarez.mx\/historico\/aguas-con-el-agua-alcalde\/","title":{"rendered":"Aguas con el agua: Alcalde\u00a0"},"content":{"rendered":"\n<p class=\"wp-block-paragraph\"><strong>SAN SALVADOR.- <\/strong>El alcalde de San Salvador, Armando Azpeitia, alert\u00f3 a la poblaci\u00f3n sobre la crisis de agua potable que se vivir\u00e1 en los pr\u00f3ximos a\u00f1os en el estado, los municipios y en general, a nivel mundial y no existe ninguna soluci\u00f3n efectiva, m\u00e1s que la racionalizaci\u00f3n.\u00a0<\/p>\n\n\n\n<p class=\"wp-block-paragraph\">Dijo que la sociedad tendr\u00e1 que&nbsp; aplicar medidas necesarias para racionar el uso del agua potable, porque este problema no ser\u00e1 resuelto por ning\u00fan gobierno, ll\u00e1mese del partido que sea, pues es una crisis del mundo.&nbsp;<\/p>\n\n\n\n<p class=\"wp-block-paragraph\">La soluci\u00f3n, dijo, tiene que ir con pol\u00edticas p\u00fablicas y la sociedad tiene en sus manos la mayor responsabilidad sobre el cuidado del vital l\u00edquido. En este municipio por ejemplo, dijo, hay comunidades que tienen un rezago importante en el pago por el servicio de agua potable, pues existen localidades que enfrentan adeudos incluso millonarios.&nbsp;<\/p>\n\n\n\n<p class=\"wp-block-paragraph\">\u201cHay comunidades que deben millones de pesos, hay gentes que tienen hasta 10 o 15 a\u00f1os sin pagar el agua potable y todav\u00eda m\u00e1s, hay gente que no quiere los medidores\u201d. Ante esta crisis advirti\u00f3, ser\u00e1 con medidores como se har\u00e1 frente a la crisis.&nbsp;<\/p>\n\n\n\n<p class=\"wp-block-paragraph\">Pidi\u00f3 a los ciudadanos, a cuidar el agua y sobre todo, ser responsables y pagar el servicio, asimismo, permitir la colocaci\u00f3n de medidores, para que quienes m\u00e1s consumen, m\u00e1s paguen, de esta manera se permitir\u00e1 un uso m\u00e1s efectivo del vital l\u00edquido.&nbsp;<\/p>\n","protected":false},"excerpt":{"rendered":"<p>SAN SALVADOR.- El alcalde de San Salvador, Armando Azpeitia, alert\u00f3 a la poblaci\u00f3n sobre la crisis de agua potable que se vivir\u00e1 en los pr\u00f3ximos a\u00f1os en el estado, los municipios y en general, a nivel mundial y no existe ninguna soluci\u00f3n efectiva, m\u00e1s que la racionalizaci\u00f3n.\u00a0 Dijo que la sociedad tendr\u00e1 que&nbsp; aplicar medidas [&hellip;]<\/p>\n","protected":false},"author":75,"featured_media":269132,"comment_status":"closed","ping_status":"closed","sticky":false,"template":"","format":"standard","meta":{"footnotes":""},"categories":[2159,40],"tags":[],"class_list":["post-269131","post","type-post","status-publish","format-standard","has-post-thumbnail","hentry","category-noticias-de-hidalgo","category-region"],"_links":{"self":[{"href":"https:\/\/plazajuarez.mx\/historico\/wp-json\/wp\/v2\/posts\/269131","targetHints":{"allow":["GET"]}}],"collection":[{"href":"https:\/\/plazajuarez.mx\/historico\/wp-json\/wp\/v2\/posts"}],"about":[{"href":"https:\/\/plazajuarez.mx\/historico\/wp-json\/wp\/v2\/types\/post"}],"author":[{"embeddable":true,"href":"https:\/\/plazajuarez.mx\/historico\/wp-json\/wp\/v2\/users\/75"}],"replies":[{"embeddable":true,"href":"https:\/\/plazajuarez.mx\/historico\/wp-json\/wp\/v2\/comments?post=269131"}],"version-history":[{"count":0,"href":"https:\/\/plazajuarez.mx\/historico\/wp-json\/wp\/v2\/posts\/269131\/revisions"}],"wp:featuredmedia":[{"embeddable":true,"href":"https:\/\/plazajuarez.mx\/historico\/wp-json\/wp\/v2\/media\/269132"}],"wp:attachment":[{"href":"https:\/\/plazajuarez.mx\/historico\/wp-json\/wp\/v2\/media?parent=269131"}],"wp:term":[{"taxonomy":"category","embeddable":true,"href":"https:\/\/plazajuarez.mx\/historico\/wp-json\/wp\/v2\/categories?post=269131"},{"taxonomy":"post_tag","embeddable":true,"href":"https:\/\/plazajuarez.mx\/historico\/wp-json\/wp\/v2\/tags?post=269131"}],"curies":[{"name":"wp","href":"https:\/\/api.w.org\/{rel}","templated":true}]}}