{"id":269128,"date":"2023-07-08T20:11:30","date_gmt":"2023-07-09T02:11:30","guid":{"rendered":"https:\/\/plazajuarez.mx\/?p=269128"},"modified":"2023-07-08T20:11:31","modified_gmt":"2023-07-09T02:11:31","slug":"viaja-ebrard-desde-la-ciudad-de-mexico-a-comer-barbacoa-en-actopan","status":"publish","type":"post","link":"https:\/\/plazajuarez.mx\/historico\/viaja-ebrard-desde-la-ciudad-de-mexico-a-comer-barbacoa-en-actopan\/","title":{"rendered":"Viaja Ebrard desde la Ciudad de M\u00e9xico\u00a0 a comer barbacoa en Actopan\u00a0"},"content":{"rendered":"\n<p class=\"wp-block-paragraph\"><strong>ACTOPAN.- <\/strong>El ex canciller, Marcelo Ebrard, visit\u00f3 el municipio de Actopan en el marco de los festejos conmemorativos a la fundaci\u00f3n de la ciudad y a comer barbacoa, luego de una invitaci\u00f3n que le hiciera la presidenta municipal, Tatiana \u00c1ngeles Moreno.\u00a0<\/p>\n\n\n\n<p class=\"wp-block-paragraph\">Previamente, en un encuentro con medios de comunicaci\u00f3n dijo que ten\u00eda meses programada esta visita y se la hizo la presidenta municipal, quien lo recibi\u00f3 personalmente y acompa\u00f1\u00f3 a su recorrido por el pabell\u00f3n.&nbsp;<\/p>\n\n\n\n<p class=\"wp-block-paragraph\">Explic\u00f3 que Actopan es la cuna de la barbacoa y destac\u00f3 que Hidalgo es un estado con muchos rezagos y tambi\u00e9n con limitaciones que requieren de recursos y del apoyo del gobierno federal para poder potenciar sus bondades.&nbsp;<\/p>\n\n\n\n<p class=\"wp-block-paragraph\">\u201cMe da mucho gusto estar aqu\u00ed, es un motivo de placer, es un gusto, estoy en la cuna de la barbacoa de M\u00e9xico, para quien no lo sepa\u201d, se\u00f1al\u00f3 el ex canciller, quien dijo ya conoc\u00eda al municipio y las necesidades que requieren de atenci\u00f3n.&nbsp;<\/p>\n\n\n\n<p class=\"wp-block-paragraph\">Dijo que la pobreza en Hidalgo es muy grande, es un tema que ya se ha discutido con el gobernador, Julio Menchaca, lo cual dijo, es resultado del retraso y la mala administraci\u00f3n de los recursos p\u00fablicos de gobiernos anteriores.&nbsp;<\/p>\n\n\n\n<p class=\"wp-block-paragraph\">Tras su encuentro con los medios de comunicaci\u00f3n, el ex Jefe de Gobierno de la Ciudad de M\u00e9xico, recorri\u00f3 el pabell\u00f3n de la barbacoa y posteriormente asisti\u00f3 a un festival de Anime, asimismo salud\u00f3 a grupos de j\u00f3venes.<\/p>\n","protected":false},"excerpt":{"rendered":"<p>ACTOPAN.- El ex canciller, Marcelo Ebrard, visit\u00f3 el municipio de Actopan en el marco de los festejos conmemorativos a la fundaci\u00f3n de la ciudad y a comer barbacoa, luego de una invitaci\u00f3n que le hiciera la presidenta municipal, Tatiana \u00c1ngeles Moreno.\u00a0 Previamente, en un encuentro con medios de comunicaci\u00f3n dijo que ten\u00eda meses programada esta [&hellip;]<\/p>\n","protected":false},"author":75,"featured_media":269129,"comment_status":"closed","ping_status":"closed","sticky":false,"template":"","format":"standard","meta":{"footnotes":""},"categories":[15,2159,40],"tags":[],"class_list":["post-269128","post","type-post","status-publish","format-standard","has-post-thumbnail","hentry","category-destacadas","category-noticias-de-hidalgo","category-region"],"_links":{"self":[{"href":"https:\/\/plazajuarez.mx\/historico\/wp-json\/wp\/v2\/posts\/269128","targetHints":{"allow":["GET"]}}],"collection":[{"href":"https:\/\/plazajuarez.mx\/historico\/wp-json\/wp\/v2\/posts"}],"about":[{"href":"https:\/\/plazajuarez.mx\/historico\/wp-json\/wp\/v2\/types\/post"}],"author":[{"embeddable":true,"href":"https:\/\/plazajuarez.mx\/historico\/wp-json\/wp\/v2\/users\/75"}],"replies":[{"embeddable":true,"href":"https:\/\/plazajuarez.mx\/historico\/wp-json\/wp\/v2\/comments?post=269128"}],"version-history":[{"count":0,"href":"https:\/\/plazajuarez.mx\/historico\/wp-json\/wp\/v2\/posts\/269128\/revisions"}],"wp:featuredmedia":[{"embeddable":true,"href":"https:\/\/plazajuarez.mx\/historico\/wp-json\/wp\/v2\/media\/269129"}],"wp:attachment":[{"href":"https:\/\/plazajuarez.mx\/historico\/wp-json\/wp\/v2\/media?parent=269128"}],"wp:term":[{"taxonomy":"category","embeddable":true,"href":"https:\/\/plazajuarez.mx\/historico\/wp-json\/wp\/v2\/categories?post=269128"},{"taxonomy":"post_tag","embeddable":true,"href":"https:\/\/plazajuarez.mx\/historico\/wp-json\/wp\/v2\/tags?post=269128"}],"curies":[{"name":"wp","href":"https:\/\/api.w.org\/{rel}","templated":true}]}}