{"id":269076,"date":"2023-07-08T08:25:28","date_gmt":"2023-07-08T14:25:28","guid":{"rendered":"https:\/\/plazajuarez.mx\/?p=269076"},"modified":"2023-07-08T08:25:29","modified_gmt":"2023-07-08T14:25:29","slug":"no-hubo-anuncio-sobre-reconstruccion-de-carretera-cuautepec-tulancingo","status":"publish","type":"post","link":"https:\/\/plazajuarez.mx\/historico\/no-hubo-anuncio-sobre-reconstruccion-de-carretera-cuautepec-tulancingo\/","title":{"rendered":"No hubo anuncio sobre reconstrucci\u00f3n de carretera Cuautepec &#8211; Tulancingo"},"content":{"rendered":"\n<p class=\"wp-block-paragraph\"><strong>CUAUTEPEC.- <\/strong>En el jard\u00edn Felipe \u00c1ngeles de Cuautepec de Hinojosa, la ma\u00f1ana de ayer, se dio la visita del gobernador del estado, Julio Menchaca Salazar, para anunciar acciones e inversiones en favor de los habitantes de este municipio y de la regi\u00f3n, sin embargo, los cuautepequenses esperaban el anuncio de la reconstrucci\u00f3n de la carretera Cuautepec \u2013 Tulancingo, pero no se dio.<\/p>\n\n\n\n<p class=\"wp-block-paragraph\">En su intervenci\u00f3n, el subsecretario de Infraestructura P\u00fablica, Jorge Alberto Reyes, destac\u00f3 que el municipio ser\u00e1 beneficiado con la pavimentaci\u00f3n hidr\u00e1ulica de dos vialidades: las calles Sonora y Morelos en la localidad de El Tepeyac, por dos millones de pesos; as\u00ed como la pavimentaci\u00f3n de la carretera Santa Rita a Santa Elena Paliseca, en el tramo de El Ator\u00f3n, con una inversi\u00f3n de 3.5 millones de pesos.<\/p>\n\n\n\n<p class=\"wp-block-paragraph\">Dijo tambi\u00e9n que, por instrucci\u00f3n del gobernador, se est\u00e1 realizando el proyecto para la conexi\u00f3n en el entronque Genisa, donde concluyen vialidades que conectan a los municipios de Cuautepec, Tulancingo y Santiago Tulantepec.<\/p>\n\n\n\n<p class=\"wp-block-paragraph\">Sin embargo, respecto a la rehabilitaci\u00f3n de la carretera principal de Cuautepec, no se mencion\u00f3 nada, tan solo la petici\u00f3n de apoyo, por parte del presidente municipal, Manuel Ferm\u00edn Rivera Peralta, as\u00ed como la continuaci\u00f3n del libramiento La Estaci\u00f3n \u2013 Los Romeros.<\/p>\n\n\n\n<p class=\"wp-block-paragraph\">Por otra parte, Menchaca Salazar encabez\u00f3 la entrega simb\u00f3lica del programa \u201cTu Experiencia Transforma\u201d, el cual consta de una beca de seis mil pesos mensuales durante seis meses, a personas adultas mayores que desean continuar trabajando.&nbsp;<\/p>\n\n\n\n<p class=\"wp-block-paragraph\">Adem\u00e1s, el gobernador anunci\u00f3, en materia de salud, que se destin\u00f3 la cantidad de&nbsp; 723 mil 827 pesos, para trabajos de conservaci\u00f3n y mantenimiento del Centro de Salud de Cuautepec. Asimismo, se iniciar\u00e1n obras de infraestructura educativa en las localidades de Huayapita y Santa Elena Paliseca, con un monto de inversi\u00f3n de 2 millones 555 mil 260 pesos.<\/p>\n\n\n\n<p class=\"wp-block-paragraph\">Ante manifestaciones de todo tipo, como la solicitud de justicia por parte de familiares de \u201cLupita\u201d, quien fuera atropellada en pasado en el libramiento La Estaci\u00f3n, Menchaca asegur\u00f3 que cada una de sus solicitudes son revisadas y atendidas, por lo que se comprometi\u00f3 a dar seguimiento a las mismas.<\/p>\n","protected":false},"excerpt":{"rendered":"<p>CUAUTEPEC.- En el jard\u00edn Felipe \u00c1ngeles de Cuautepec de Hinojosa, la ma\u00f1ana de ayer, se dio la visita del gobernador del estado, Julio Menchaca Salazar, para anunciar acciones e inversiones en favor de los habitantes de este municipio y de la regi\u00f3n, sin embargo, los cuautepequenses esperaban el anuncio de la reconstrucci\u00f3n de la carretera [&hellip;]<\/p>\n","protected":false},"author":70,"featured_media":269077,"comment_status":"closed","ping_status":"closed","sticky":false,"template":"","format":"standard","meta":{"footnotes":""},"categories":[15,2159,40],"tags":[],"class_list":["post-269076","post","type-post","status-publish","format-standard","has-post-thumbnail","hentry","category-destacadas","category-noticias-de-hidalgo","category-region"],"_links":{"self":[{"href":"https:\/\/plazajuarez.mx\/historico\/wp-json\/wp\/v2\/posts\/269076","targetHints":{"allow":["GET"]}}],"collection":[{"href":"https:\/\/plazajuarez.mx\/historico\/wp-json\/wp\/v2\/posts"}],"about":[{"href":"https:\/\/plazajuarez.mx\/historico\/wp-json\/wp\/v2\/types\/post"}],"author":[{"embeddable":true,"href":"https:\/\/plazajuarez.mx\/historico\/wp-json\/wp\/v2\/users\/70"}],"replies":[{"embeddable":true,"href":"https:\/\/plazajuarez.mx\/historico\/wp-json\/wp\/v2\/comments?post=269076"}],"version-history":[{"count":0,"href":"https:\/\/plazajuarez.mx\/historico\/wp-json\/wp\/v2\/posts\/269076\/revisions"}],"wp:featuredmedia":[{"embeddable":true,"href":"https:\/\/plazajuarez.mx\/historico\/wp-json\/wp\/v2\/media\/269077"}],"wp:attachment":[{"href":"https:\/\/plazajuarez.mx\/historico\/wp-json\/wp\/v2\/media?parent=269076"}],"wp:term":[{"taxonomy":"category","embeddable":true,"href":"https:\/\/plazajuarez.mx\/historico\/wp-json\/wp\/v2\/categories?post=269076"},{"taxonomy":"post_tag","embeddable":true,"href":"https:\/\/plazajuarez.mx\/historico\/wp-json\/wp\/v2\/tags?post=269076"}],"curies":[{"name":"wp","href":"https:\/\/api.w.org\/{rel}","templated":true}]}}