{"id":269070,"date":"2023-07-08T08:21:21","date_gmt":"2023-07-08T14:21:21","guid":{"rendered":"https:\/\/plazajuarez.mx\/?p=269070"},"modified":"2023-07-08T08:21:22","modified_gmt":"2023-07-08T14:21:22","slug":"pedofilo-acusado","status":"publish","type":"post","link":"https:\/\/plazajuarez.mx\/historico\/pedofilo-acusado\/","title":{"rendered":"Ped\u00f3filo acusado"},"content":{"rendered":"\n<p class=\"wp-block-paragraph\">Blanca (Laura L\u00f3pez) es una madre soltera que vive en un hospicio dirigido por el padre Manuel (Alejandro Goic). Desde ni\u00f1a ha sufrido el abuso y maltrato, pero todo parece cambiar cuando se descubre que uno de sus ofensores es un prominente pol\u00edtico y el asunto se convierte en un esc\u00e1ndalo medi\u00e1tico.<\/p>\n\n\n\n<p class=\"wp-block-paragraph\">Ese es el motor de &#8220;Blanquita&#8221;, cuarto largometraje del chileno Fernando Guazzoni. conocido por &#8216;La colorina&#8221; y &#8220;Carne de perro&#8221;, a cuya premier nos invitaron los buenos amigos de Calouma.<\/p>\n\n\n\n<p class=\"wp-block-paragraph\">El gui\u00f3n del propio realizador se basa en hechos reales, que muestran los poderosos aliados con los que cuentan las cadenas de ped\u00f3filos, entre los pol\u00edticos y la misma iglesia.<\/p>\n\n\n\n<p class=\"wp-block-paragraph\">El asunto se va complicando cada vez m\u00e1s, al descubrirse que Blanquita no fue la v\u00edctima directa, sino que lo fue un chico al que apodan el Oso Blanco y que ha desaparecido<\/p>\n\n\n\n<p class=\"wp-block-paragraph\">Blanquita y Manuel se alentar\u00e1n diciendo que las mentiras que cuentan son en realidad la verdad y que las mantendr\u00e1n sin importar las consecuencias.<\/p>\n\n\n\n<p class=\"wp-block-paragraph\">Ya en &#8220;El club de Pablo Larra\u00edn&#8221; se denunciaba la hipocres\u00eda de la iglesia cat\u00f3lica que ocultaba a los padres pederastas. Aqu\u00ed se trata de justificar la conducta de los pol\u00edticos pederastas \u201cpor sus contribuciones a la iglesia\u201d.<\/p>\n\n\n\n<p class=\"wp-block-paragraph\">Blanquita es pues un doloroso testimonio del poder de las cadenas de ped\u00f3filos \u2013baste recordar el acoso a Lidia Cacho por denunciarlas- y de la impunidad con la que operan.&nbsp;<\/p>\n\n\n\n<p class=\"wp-block-paragraph\">Dato: El gui\u00f3n del propio realizador se basa en hechos reales, que muestran los poderosos aliados con los que cuentan las cadenas de ped\u00f3filos, entre los pol\u00edticos y la misma iglesia<\/p>\n","protected":false},"excerpt":{"rendered":"<p>Blanca (Laura L\u00f3pez) es una madre soltera que vive en un hospicio dirigido por el padre Manuel (Alejandro Goic). Desde ni\u00f1a ha sufrido el abuso y maltrato, pero todo parece cambiar cuando se descubre que uno de sus ofensores es un prominente pol\u00edtico y el asunto se convierte en un esc\u00e1ndalo medi\u00e1tico. Ese es el [&hellip;]<\/p>\n","protected":false},"author":96,"featured_media":269071,"comment_status":"closed","ping_status":"closed","sticky":false,"template":"","format":"standard","meta":{"footnotes":""},"categories":[41,54,42],"tags":[],"class_list":["post-269070","post","type-post","status-publish","format-standard","has-post-thumbnail","hentry","category-arteria-cultural","category-jorge-carrasco","category-nuestrapalabra"],"_links":{"self":[{"href":"https:\/\/plazajuarez.mx\/historico\/wp-json\/wp\/v2\/posts\/269070","targetHints":{"allow":["GET"]}}],"collection":[{"href":"https:\/\/plazajuarez.mx\/historico\/wp-json\/wp\/v2\/posts"}],"about":[{"href":"https:\/\/plazajuarez.mx\/historico\/wp-json\/wp\/v2\/types\/post"}],"author":[{"embeddable":true,"href":"https:\/\/plazajuarez.mx\/historico\/wp-json\/wp\/v2\/users\/96"}],"replies":[{"embeddable":true,"href":"https:\/\/plazajuarez.mx\/historico\/wp-json\/wp\/v2\/comments?post=269070"}],"version-history":[{"count":0,"href":"https:\/\/plazajuarez.mx\/historico\/wp-json\/wp\/v2\/posts\/269070\/revisions"}],"wp:featuredmedia":[{"embeddable":true,"href":"https:\/\/plazajuarez.mx\/historico\/wp-json\/wp\/v2\/media\/269071"}],"wp:attachment":[{"href":"https:\/\/plazajuarez.mx\/historico\/wp-json\/wp\/v2\/media?parent=269070"}],"wp:term":[{"taxonomy":"category","embeddable":true,"href":"https:\/\/plazajuarez.mx\/historico\/wp-json\/wp\/v2\/categories?post=269070"},{"taxonomy":"post_tag","embeddable":true,"href":"https:\/\/plazajuarez.mx\/historico\/wp-json\/wp\/v2\/tags?post=269070"}],"curies":[{"name":"wp","href":"https:\/\/api.w.org\/{rel}","templated":true}]}}