{"id":269067,"date":"2023-07-08T08:18:59","date_gmt":"2023-07-08T14:18:59","guid":{"rendered":"https:\/\/plazajuarez.mx\/?p=269067"},"modified":"2023-07-08T08:19:01","modified_gmt":"2023-07-08T14:19:01","slug":"el-hidalgo-que-queremos-es-posible-marco-antonio-mendoza","status":"publish","type":"post","link":"https:\/\/plazajuarez.mx\/historico\/el-hidalgo-que-queremos-es-posible-marco-antonio-mendoza\/","title":{"rendered":"<strong>&#8220;EL HIDALGO QUE QUEREMOS ES POSIBLE&#8221; MARCO ANTONIO MENDOZA\u00a0<\/strong>"},"content":{"rendered":"\n<p class=\"wp-block-paragraph\">En el Comit\u00e9 Directivo Estatal del PRI en Hidalgo, que encabezan Marco Mendoza y Jenny M\u00e1rquez, se llev\u00f3 a cabo el foro \u201cEl M\u00e9xico que Queremos\u201d, en donde destac\u00f3 la participaci\u00f3n Mario di Costanzo, reconocido pol\u00edtico y economista mexicano.<\/p>\n\n\n\n<p class=\"wp-block-paragraph\">Durante la inauguraci\u00f3n de este acto en el que participaron m\u00e1s de 300 personas entre militantes y sociedad civil, Marco Antonio Mendoza Bustamante, presidente del PRI en Hidalgo, indic\u00f3 que se desarrollan en todo el pa\u00eds y est\u00e1n pensados para entablar un di\u00e1logo entre los partidos y la sociedad.<\/p>\n\n\n\n<p class=\"wp-block-paragraph\">A\u00f1adi\u00f3 que esta clase de eventos invitan a la reflexi\u00f3n y el an\u00e1lisis de los grandes problemas que nos aquejan como la econom\u00eda, la salud, la seguridad, la justicia y el medio ambiente.<\/p>\n\n\n\n<p class=\"wp-block-paragraph\">El l\u00edder priista asegur\u00f3 que el intercambio de ideas sirve para acabar con el mensaje de odio y de divisi\u00f3n que se promueve desde el poder y generar una gran alianza con la gente, para darle voz a sus propuestas.<\/p>\n\n\n\n<p class=\"wp-block-paragraph\">\u201cM\u00e9xico necesita propuestas, Hidalgo necesita propuestas, para ello debemos escuchar con humildad a la ciudadan\u00eda\u201d asegur\u00f3.<\/p>\n\n\n\n<p class=\"wp-block-paragraph\">El diputado federal consider\u00f3 que para encontrar soluciones haremos en el estado una revoluci\u00f3n, con ideas, con propuestas, con alternativas viables para construir el Hidalgo que queremos\u201d.<\/p>\n\n\n\n<p class=\"wp-block-paragraph\">Al final de la conferencia se realiz\u00f3 una mesa de trabajo en donde se intercambiaron puntos de vista sobre las grandes problem\u00e1ticas que tiene Hidalgo y M\u00e9xico y c\u00f3mo podemos atacarlas.<\/p>\n","protected":false},"excerpt":{"rendered":"<p>En el Comit\u00e9 Directivo Estatal del PRI en Hidalgo, que encabezan Marco Mendoza y Jenny M\u00e1rquez, se llev\u00f3 a cabo el foro \u201cEl M\u00e9xico que Queremos\u201d, en donde destac\u00f3 la participaci\u00f3n Mario di Costanzo, reconocido pol\u00edtico y economista mexicano. Durante la inauguraci\u00f3n de este acto en el que participaron m\u00e1s de 300 personas entre militantes [&hellip;]<\/p>\n","protected":false},"author":81,"featured_media":269068,"comment_status":"closed","ping_status":"closed","sticky":false,"template":"","format":"standard","meta":{"footnotes":""},"categories":[15,36],"tags":[],"class_list":["post-269067","post","type-post","status-publish","format-standard","has-post-thumbnail","hentry","category-destacadas","category-nacion"],"_links":{"self":[{"href":"https:\/\/plazajuarez.mx\/historico\/wp-json\/wp\/v2\/posts\/269067","targetHints":{"allow":["GET"]}}],"collection":[{"href":"https:\/\/plazajuarez.mx\/historico\/wp-json\/wp\/v2\/posts"}],"about":[{"href":"https:\/\/plazajuarez.mx\/historico\/wp-json\/wp\/v2\/types\/post"}],"author":[{"embeddable":true,"href":"https:\/\/plazajuarez.mx\/historico\/wp-json\/wp\/v2\/users\/81"}],"replies":[{"embeddable":true,"href":"https:\/\/plazajuarez.mx\/historico\/wp-json\/wp\/v2\/comments?post=269067"}],"version-history":[{"count":0,"href":"https:\/\/plazajuarez.mx\/historico\/wp-json\/wp\/v2\/posts\/269067\/revisions"}],"wp:featuredmedia":[{"embeddable":true,"href":"https:\/\/plazajuarez.mx\/historico\/wp-json\/wp\/v2\/media\/269068"}],"wp:attachment":[{"href":"https:\/\/plazajuarez.mx\/historico\/wp-json\/wp\/v2\/media?parent=269067"}],"wp:term":[{"taxonomy":"category","embeddable":true,"href":"https:\/\/plazajuarez.mx\/historico\/wp-json\/wp\/v2\/categories?post=269067"},{"taxonomy":"post_tag","embeddable":true,"href":"https:\/\/plazajuarez.mx\/historico\/wp-json\/wp\/v2\/tags?post=269067"}],"curies":[{"name":"wp","href":"https:\/\/api.w.org\/{rel}","templated":true}]}}