{"id":26906,"date":"2016-08-18T13:58:14","date_gmt":"2016-08-18T13:58:14","guid":{"rendered":"http:\/\/plazajuarez.mx\/index\/index.php\/2016\/08\/18\/lluvias-ejidos-reportan-perdidas-totales-en-sus-parcelas\/"},"modified":"2016-08-18T13:58:14","modified_gmt":"2016-08-18T13:58:14","slug":"lluvias-ejidos-reportan-perdidas-totales-en-sus-parcelas","status":"publish","type":"post","link":"https:\/\/plazajuarez.mx\/historico\/lluvias-ejidos-reportan-perdidas-totales-en-sus-parcelas\/","title":{"rendered":"Lluvias: Ejidos reportan p\u00e9rdidas totales en sus parcelas"},"content":{"rendered":"<p>Apan<br \/>\u2022\u00a0\u00a0\u00a0 Por lo reportado se calcula que ser\u00e1n m\u00e1s de 600 hect\u00e1reas da\u00f1adas<br \/>El director de Desarrollo Agropecuario municipal, Rosendo Gonz\u00e1lez Trinidad, mencion\u00f3 que iniciaron los reportes de las parcelas afectadas y que hasta el momento han llegado a casi 600 hect\u00e1reas, pero que a m\u00e1s tardar\u00a0 el viernes ya se sabr\u00e1 la totalidad de \u00e9stas.<\/p>\n<p>  <!--more-->  <\/p>\n<p>Ante las constantes lluvias que se han registrado en la regi\u00f3n, integrantes de diferentes ejidos han iniciado el reporte de da\u00f1os, por\u00a0 inundaciones en sus parcelas.<\/p>\n<p>Los da\u00f1os se han registrado en al menos 600 hect\u00e1reas, y representan p\u00e9rdidas totales, donde los ejidatarios est\u00e1n a la esperan de que la Aseguradora Agr\u00edcola, inicie la verificaci\u00f3n de los da\u00f1os, como lo estipula las reglas de operaci\u00f3n que la misma Sedagroh, realiza a\u00f1o con a\u00f1o<\/p>\n<p>En entrevista a cuatro presidentes de los comisariados ejidales de Apan, Chimalpa, Alcantarillas, y Santa Cruz, mencionaron que ya dieron aviso a la Aseguradora Agr\u00edcola, quienes ser\u00e1n los encargados de cuantificar los da\u00f1os a estas parcelas.<\/p>\n<p>Mencionaron que hasta la fecha no tienen la certeza de a cu\u00e1nto ascender\u00e1 el pago, ya que hasta la fecha, el titular de Desarrollo Agropecuario, Jos\u00e9 Alberto Narv\u00e1ez G\u00f3mez, hab\u00eda mencionado una cifra no oficial de al menos los mil 500 pesos por hect\u00e1rea da\u00f1ada, pero \u00e9sta no hab\u00eda sido ratificada oficialmente, por lo que hace suponer que se les pagara en mil 500 como el a\u00f1o pasado.<\/p>\n<p>Los comisariados indicaron que ante los pron\u00f3sticos de lluvias que se han dado a conocer, los da\u00f1os a sus siembras principalmente a la cebada, se incrementar\u00e1n ya que el exceso de agua, en este momento le es perjudicial.<\/p>\n<p>Mencionaron que en las reglas de operaci\u00f3n que marca la Aseguradora, se indica que m\u00e1ximo son tres d\u00edas despu\u00e9s del siniestro, en este caso la inundaci\u00f3n del reporte del da\u00f1o, as\u00ed como pruebas fotogr\u00e1ficas de la parcela y su ubicaci\u00f3n para la revisi\u00f3n de los t\u00e9cnicos de la compa\u00f1\u00eda de seguros.<\/p>\n","protected":false},"excerpt":{"rendered":"<p>Apan\u2022\u00a0\u00a0\u00a0 Por lo reportado se calcula que ser\u00e1n m\u00e1s de 600 hect\u00e1reas da\u00f1adasEl director de Desarrollo Agropecuario municipal, Rosendo Gonz\u00e1lez Trinidad, mencion\u00f3 que iniciaron los reportes de las parcelas afectadas y que hasta el momento han llegado a casi 600 hect\u00e1reas, pero que a m\u00e1s tardar\u00a0 el viernes ya se sabr\u00e1 la totalidad de \u00e9stas.<\/p>\n","protected":false},"author":93,"featured_media":0,"comment_status":"open","ping_status":"open","sticky":false,"template":"","format":"standard","meta":{"footnotes":""},"categories":[40],"tags":[],"class_list":["post-26906","post","type-post","status-publish","format-standard","hentry","category-region"],"_links":{"self":[{"href":"https:\/\/plazajuarez.mx\/historico\/wp-json\/wp\/v2\/posts\/26906","targetHints":{"allow":["GET"]}}],"collection":[{"href":"https:\/\/plazajuarez.mx\/historico\/wp-json\/wp\/v2\/posts"}],"about":[{"href":"https:\/\/plazajuarez.mx\/historico\/wp-json\/wp\/v2\/types\/post"}],"author":[{"embeddable":true,"href":"https:\/\/plazajuarez.mx\/historico\/wp-json\/wp\/v2\/users\/93"}],"replies":[{"embeddable":true,"href":"https:\/\/plazajuarez.mx\/historico\/wp-json\/wp\/v2\/comments?post=26906"}],"version-history":[{"count":0,"href":"https:\/\/plazajuarez.mx\/historico\/wp-json\/wp\/v2\/posts\/26906\/revisions"}],"wp:attachment":[{"href":"https:\/\/plazajuarez.mx\/historico\/wp-json\/wp\/v2\/media?parent=26906"}],"wp:term":[{"taxonomy":"category","embeddable":true,"href":"https:\/\/plazajuarez.mx\/historico\/wp-json\/wp\/v2\/categories?post=26906"},{"taxonomy":"post_tag","embeddable":true,"href":"https:\/\/plazajuarez.mx\/historico\/wp-json\/wp\/v2\/tags?post=26906"}],"curies":[{"name":"wp","href":"https:\/\/api.w.org\/{rel}","templated":true}]}}