{"id":26904,"date":"2016-08-18T13:55:39","date_gmt":"2016-08-18T13:55:39","guid":{"rendered":"http:\/\/plazajuarez.mx\/index\/index.php\/2016\/08\/18\/fallo-el-diseno-reconocer-for-a-un-ano-del-arranque\/"},"modified":"2016-08-18T13:55:39","modified_gmt":"2016-08-18T13:55:39","slug":"fallo-el-diseno-reconocer-for-a-un-ano-del-arranque","status":"publish","type":"post","link":"https:\/\/plazajuarez.mx\/historico\/fallo-el-diseno-reconocer-for-a-un-ano-del-arranque\/","title":{"rendered":"FALL\u00d3 EL DISE\u00d1O, RECONOCER FOR, A UN A\u00d1O DEL ARRANQUE"},"content":{"rendered":"<p>A un a\u00f1o de que entrar\u00e1 en operaciones el Tuzob\u00fas, el gobernador del estado, Jos\u00e9 Francisco Olvera Ru\u00edz, dijo que se continuar\u00e1 redise\u00f1ando, en especial en las rutas alimentadoras, ya que en su mayor\u00eda no tienen uso de pasaje continuo.<\/p>\n<p>  <!--more-->  <\/p>\n<p>Mencion\u00f3 que para su mejor funcionamiento se debe corregir bien este aspecto del transporte, puesto que realizan sus recorridos sin o con poco pasaje, aunado a que su pago se realiza por kil\u00f3metro recorrido, \u201clo que se tiene que hacer es corregir bien las rutas a donde verdaderamente funcione el pasaje y cambiar la correlaci\u00f3n de c\u00f3mo se est\u00e1 pagando\u201d.<br \/>Recalc\u00f3 que este tipo de sistemas a nivel mundial han tenido que adaptarse despu\u00e9s de su entrada en funciones, acordes a las necesidades de la sociedad, que involucra situaciones geogr\u00e1ficas y econ\u00f3micas, puesto que es normal que el Tuzob\u00fas requiera cambios para que quede al cien con las necesidades de la poblaci\u00f3n.<br \/>A su consideraci\u00f3n, dijo que el Sistema Masivo de Transporte trabaja en una puntuaci\u00f3n de siete, sin embargo, es necesario seguir trabajando para que funcione al cien por ciento, aunque record\u00f3 que a un a\u00f1o de que iniciara, ha sido aceptado por la gente. <br \/>\u201cFall\u00f3 el dise\u00f1o, la proyecci\u00f3n de la consultor\u00eda privada no fue la m\u00e1s adecuada, tampoco tuvimos una alternativa, era la que se ten\u00eda que adoptar, pero se ha ido modificando con la experiencia\u201d apunt\u00f3 el gobernador de la entidad, y agreg\u00f3 que dependiendo de la necesidad de las personas, se considerar\u00eda si se agregan m\u00e1s rutas a las ya establecidas.<\/p>\n","protected":false},"excerpt":{"rendered":"<p>A un a\u00f1o de que entrar\u00e1 en operaciones el Tuzob\u00fas, el gobernador del estado, Jos\u00e9 Francisco Olvera Ru\u00edz, dijo que se continuar\u00e1 redise\u00f1ando, en especial en las rutas alimentadoras, ya que en su mayor\u00eda no tienen uso de pasaje continuo.<\/p>\n","protected":false},"author":93,"featured_media":0,"comment_status":"open","ping_status":"open","sticky":false,"template":"","format":"standard","meta":{"footnotes":""},"categories":[59],"tags":[],"class_list":["post-26904","post","type-post","status-publish","format-standard","hentry","category-general"],"_links":{"self":[{"href":"https:\/\/plazajuarez.mx\/historico\/wp-json\/wp\/v2\/posts\/26904","targetHints":{"allow":["GET"]}}],"collection":[{"href":"https:\/\/plazajuarez.mx\/historico\/wp-json\/wp\/v2\/posts"}],"about":[{"href":"https:\/\/plazajuarez.mx\/historico\/wp-json\/wp\/v2\/types\/post"}],"author":[{"embeddable":true,"href":"https:\/\/plazajuarez.mx\/historico\/wp-json\/wp\/v2\/users\/93"}],"replies":[{"embeddable":true,"href":"https:\/\/plazajuarez.mx\/historico\/wp-json\/wp\/v2\/comments?post=26904"}],"version-history":[{"count":0,"href":"https:\/\/plazajuarez.mx\/historico\/wp-json\/wp\/v2\/posts\/26904\/revisions"}],"wp:attachment":[{"href":"https:\/\/plazajuarez.mx\/historico\/wp-json\/wp\/v2\/media?parent=26904"}],"wp:term":[{"taxonomy":"category","embeddable":true,"href":"https:\/\/plazajuarez.mx\/historico\/wp-json\/wp\/v2\/categories?post=26904"},{"taxonomy":"post_tag","embeddable":true,"href":"https:\/\/plazajuarez.mx\/historico\/wp-json\/wp\/v2\/tags?post=26904"}],"curies":[{"name":"wp","href":"https:\/\/api.w.org\/{rel}","templated":true}]}}