{"id":26903,"date":"2016-08-18T13:55:38","date_gmt":"2016-08-18T13:55:38","guid":{"rendered":"http:\/\/plazajuarez.mx\/index\/index.php\/2016\/08\/18\/tendran-continuidad-obras-utiles-del-gobernador-olvera-omar-fayad-meneses\/"},"modified":"2016-08-18T13:55:38","modified_gmt":"2016-08-18T13:55:38","slug":"tendran-continuidad-obras-utiles-del-gobernador-olvera-omar-fayad-meneses","status":"publish","type":"post","link":"https:\/\/plazajuarez.mx\/historico\/tendran-continuidad-obras-utiles-del-gobernador-olvera-omar-fayad-meneses\/","title":{"rendered":"Tendr\u00e1n continuidad obras \u00fatiles del gobernador Olvera: Omar Fayad Meneses"},"content":{"rendered":"<p>SESI\u00d3N CON MESA DIRECTIVA DE LA CONCAMIN<\/p>\n<p>\u25cf\u00a0\u00a0\u00a0 El gobernador electo plante\u00f3 como reto colocar a Hidalgo en un nivel competitivo mediante una mejora regulatoria para la apertura de negocios<\/p>\n<p>  <!--more-->  <\/p>\n<p>Durante la sesi\u00f3n de la mesa directiva de la Confederaci\u00f3n de C\u00e1maras Industriales (Concamin) realizada en el estado de Hidalgo, el gobernador electo, Omar Fayad Meneses, afirm\u00f3 que a trav\u00e9s de una mejora regulatoria permitir\u00e1 colocar a Hidalgo competitivamente como una de las entidades para la apertura de negocios.<br \/>Con ello pretende realizar la simplificaci\u00f3n y modificaciones necesarias en el \u00e1mbito constitucional, legal y reglamentario, para hacer una ventanilla \u00fanica y \u00e1gil para atraer la inversi\u00f3n privada a la entidad; lo anterior, despu\u00e9s de anunciar que en su administraci\u00f3n dar\u00e1 continuidad a las obras \u00fatiles que realiz\u00f3 el gobernador saliente, Jos\u00e9 Francisco Olvera Ruiz, durante su gesti\u00f3n.<br \/>En el encuentro, Omar Fayad pidi\u00f3 a los empresarios apoyo para cumplir una de las promesas hechas en campa\u00f1a, de colocar a los reci\u00e9n egresados de las universidades en su primer empleo, para lo cual dijo a los industriales, requerir\u00e1 de ellos para que los j\u00f3venes ingresen de manera inmediata al mercado laboral. <br \/>En dicha sesi\u00f3n se recalc\u00f3 por el presidente de la Concamin, Manuel Herrera Vega y el secretario de Desarrollo Econ\u00f3mico en Hidalgo, Jos\u00e9 Pablo Maauad Pont\u00f3n, que el impulso a la Ciudad del Conocimiento permiten un desarrollo integral y el crecimiento econ\u00f3mico del estado, coadyuvando el conocimiento con el emprendimiento, tal como se pretende sea el Centro de Innovaci\u00f3n Textil y del Vestido.<br \/>Al respecto, el gobernador Jos\u00e9 Francisco Olvera Ruiz dijo que es necesaria la participaci\u00f3n de la iniciativa privada para que dicho centro pueda operar y se maneje a largo plazo, ya que refiri\u00f3, en manos del gobierno se volver\u00eda burocr\u00e1tico.<br \/>Por ello invit\u00f3 a los industriales a integrarse al Centro de Innovaci\u00f3n Textil y del Vestido, que permita que el proyecto crezca y se consolide\u00a0 \u201clo correcto es que esto funcione como negocio\u201d, ya que indic\u00f3 que con la participaci\u00f3n \u00fanicamente del gobierno se limitar\u00eda y correr\u00eda el riesgo de desaparecer. <\/p>\n","protected":false},"excerpt":{"rendered":"<p>SESI\u00d3N CON MESA DIRECTIVA DE LA CONCAMIN \u25cf\u00a0\u00a0\u00a0 El gobernador electo plante\u00f3 como reto colocar a Hidalgo en un nivel competitivo mediante una mejora regulatoria para la apertura de negocios<\/p>\n","protected":false},"author":93,"featured_media":0,"comment_status":"open","ping_status":"open","sticky":false,"template":"","format":"standard","meta":{"footnotes":""},"categories":[59],"tags":[],"class_list":["post-26903","post","type-post","status-publish","format-standard","hentry","category-general"],"_links":{"self":[{"href":"https:\/\/plazajuarez.mx\/historico\/wp-json\/wp\/v2\/posts\/26903","targetHints":{"allow":["GET"]}}],"collection":[{"href":"https:\/\/plazajuarez.mx\/historico\/wp-json\/wp\/v2\/posts"}],"about":[{"href":"https:\/\/plazajuarez.mx\/historico\/wp-json\/wp\/v2\/types\/post"}],"author":[{"embeddable":true,"href":"https:\/\/plazajuarez.mx\/historico\/wp-json\/wp\/v2\/users\/93"}],"replies":[{"embeddable":true,"href":"https:\/\/plazajuarez.mx\/historico\/wp-json\/wp\/v2\/comments?post=26903"}],"version-history":[{"count":0,"href":"https:\/\/plazajuarez.mx\/historico\/wp-json\/wp\/v2\/posts\/26903\/revisions"}],"wp:attachment":[{"href":"https:\/\/plazajuarez.mx\/historico\/wp-json\/wp\/v2\/media?parent=26903"}],"wp:term":[{"taxonomy":"category","embeddable":true,"href":"https:\/\/plazajuarez.mx\/historico\/wp-json\/wp\/v2\/categories?post=26903"},{"taxonomy":"post_tag","embeddable":true,"href":"https:\/\/plazajuarez.mx\/historico\/wp-json\/wp\/v2\/tags?post=26903"}],"curies":[{"name":"wp","href":"https:\/\/api.w.org\/{rel}","templated":true}]}}