{"id":26898,"date":"2016-08-17T21:01:07","date_gmt":"2016-08-17T21:01:07","guid":{"rendered":"http:\/\/plazajuarez.mx\/index\/index.php\/2016\/08\/17\/reconocen-a-personal-de-salud-durante-el-tercer-premio-nacional-de-vectores\/"},"modified":"2016-08-17T21:01:07","modified_gmt":"2016-08-17T21:01:07","slug":"reconocen-a-personal-de-salud-durante-el-tercer-premio-nacional-de-vectores","status":"publish","type":"post","link":"https:\/\/plazajuarez.mx\/historico\/reconocen-a-personal-de-salud-durante-el-tercer-premio-nacional-de-vectores\/","title":{"rendered":"Reconocen a personal de salud durante el \u201cTercer Premio Nacional de Vectores\u201d"},"content":{"rendered":"<p style=\"text-align: justify;\">Geraldina Garc\u00eda, Titular de la Secretar\u00eda de Salud de Hidalgo, (SSH) dio la bienvenida a autoridades del Sindicato Nacional de Trabajadores de Salud, procedentes de distintos Estados de la Rep\u00fablica, quienes participaron en la entrega del \u201cTercer Premio Nacional de Vectores\u201d.<\/p>\n<p>  <!--more-->  <\/p>\n<p style=\"text-align: justify;\">Con el prop\u00f3sito de impulsar el Reconocimiento Institucional al personal afiliado al Sindicato Nacional de Trabajadores de la Secretar\u00eda de Salud y estimular su participaci\u00f3n en el mejoramiento de los servicios que otorgan, se entregaron los premios que constan de un reconocimiento por los a\u00f1os de servicio y desempe\u00f1o, as\u00ed como un est\u00edmulo econ\u00f3mico.<\/p>\n<p style=\"text-align: justify;\">\u00a0<\/p>\n<p style=\"text-align: justify;\">La titular de salud reconoci\u00f3 al personal de vectores como un eje principal en el combate a las enfermedades como el Dengue, Chikungunya y Zika, en las distintas zonas end\u00e9micas, y destac\u00f3 que en este a\u00f1o, Hidalgo fue sede de este evento que enaltece a tan invaluable labor.<\/p>\n","protected":false},"excerpt":{"rendered":"<p>Geraldina Garc\u00eda, Titular de la Secretar\u00eda de Salud de Hidalgo, (SSH) dio la bienvenida a autoridades del Sindicato Nacional de Trabajadores de Salud, procedentes de distintos Estados de la Rep\u00fablica, quienes participaron en la entrega del \u201cTercer Premio Nacional de Vectores\u201d.<\/p>\n","protected":false},"author":6,"featured_media":0,"comment_status":"open","ping_status":"open","sticky":false,"template":"","format":"standard","meta":{"footnotes":""},"categories":[59],"tags":[],"class_list":["post-26898","post","type-post","status-publish","format-standard","hentry","category-general"],"_links":{"self":[{"href":"https:\/\/plazajuarez.mx\/historico\/wp-json\/wp\/v2\/posts\/26898","targetHints":{"allow":["GET"]}}],"collection":[{"href":"https:\/\/plazajuarez.mx\/historico\/wp-json\/wp\/v2\/posts"}],"about":[{"href":"https:\/\/plazajuarez.mx\/historico\/wp-json\/wp\/v2\/types\/post"}],"author":[{"embeddable":true,"href":"https:\/\/plazajuarez.mx\/historico\/wp-json\/wp\/v2\/users\/6"}],"replies":[{"embeddable":true,"href":"https:\/\/plazajuarez.mx\/historico\/wp-json\/wp\/v2\/comments?post=26898"}],"version-history":[{"count":0,"href":"https:\/\/plazajuarez.mx\/historico\/wp-json\/wp\/v2\/posts\/26898\/revisions"}],"wp:attachment":[{"href":"https:\/\/plazajuarez.mx\/historico\/wp-json\/wp\/v2\/media?parent=26898"}],"wp:term":[{"taxonomy":"category","embeddable":true,"href":"https:\/\/plazajuarez.mx\/historico\/wp-json\/wp\/v2\/categories?post=26898"},{"taxonomy":"post_tag","embeddable":true,"href":"https:\/\/plazajuarez.mx\/historico\/wp-json\/wp\/v2\/tags?post=26898"}],"curies":[{"name":"wp","href":"https:\/\/api.w.org\/{rel}","templated":true}]}}