{"id":26896,"date":"2016-08-17T19:43:58","date_gmt":"2016-08-17T19:43:58","guid":{"rendered":"http:\/\/plazajuarez.mx\/index\/index.php\/2016\/08\/17\/listo-el-programa-para-la-feria-universitaria-del-libro\/"},"modified":"2016-08-17T19:43:58","modified_gmt":"2016-08-17T19:43:58","slug":"listo-el-programa-para-la-feria-universitaria-del-libro","status":"publish","type":"post","link":"https:\/\/plazajuarez.mx\/historico\/listo-el-programa-para-la-feria-universitaria-del-libro\/","title":{"rendered":"Listo el programa para la Feria Universitaria del Libro"},"content":{"rendered":"<p style=\"text-align: justify;\">Con la tem\u00e1tica central de la Educaci\u00f3n, del pr\u00f3ximo 26 de agosto al 4 de septiembre se llevar\u00e1 a cabo la 29 Feria Universitaria del Libro (FUL) en Pachuca, Hidalgo.<\/p>\n<p>  <!--more-->  <\/p>\n<p style=\"text-align: justify;\">La sede ser\u00e1 el Polideportivo Carlos Mart\u00ednez Balmori, en la Ciudad del Conocimiento de la Universidad Aut\u00f3noma del Estado de Hidalgo (UAEH), tendr\u00e1 como pa\u00eds invitado a Alemania y contar\u00e1 en su d\u00eda de inauguraci\u00f3n con la el ex presidente del gobierno espa\u00f1ol Jos\u00e9 Mar\u00eda Aznar.<br \/>Marco Antonio Alfaro, presidente de la FUL, inform\u00f3 que la entrada al evento, en el que se tienen programadas 450 actividades y 227 presentaciones editoriales, es gratuita. Participaran 300 casas editoriales nacionales e internacionales, 300 autores y 200 intelectuales, adem\u00e1s de que se tiene programada la asistencia como p\u00fablico, de 600 grupos de ni\u00f1os y j\u00f3venes, durante estos 10 d\u00edas de la Feria.<br \/>Detall\u00f3 que Alemania compartir\u00e1 su riqueza cultural a trav\u00e9s de un ciclo de cine, ediciones y publicaciones, intercambio de experiencia de l\u00edderes, transferencia tecnol\u00f3gica y vivencias del periodismo alem\u00e1n, destaca particularmente, como parte del A\u00f1o Dual M\u00e9xico-Alemania, la presencia de Ulrich Teichler, experto en temas de educaci\u00f3n.<br \/>&#8220;La motivaci\u00f3n de la realizaci\u00f3n de la feria es el fomento a la lectura y el acercamiento de los ni\u00f1os y j\u00f3venes a los libros y su entorno&#8221;, dijo el rector de la UAEH, Humberto Veras Godoy.<br \/>En este marco se otorgar\u00e1 a Ruy P\u00e9rez Tamayo, el Premio Juan Cris\u00f3stomo Doria a las Humanidades 2016, la Universidad Veracruzana, el M\u00e9rito Editorial Universitario y Penguin Random House el Reconocimiento Universitario al Desarrollo de la Industria Editorial.<br \/>Habr\u00e1 t\u00edtulos que representen a las letras de Alemania, Espa\u00f1a, Italia, Colombia, Venezuela, Francia y M\u00e9xico.<br \/>El 28 de agosto se realizar\u00e1 la Carrera Atl\u00e9tica de la FUL con un recorrido de 8 kil\u00f3metros y la participaci\u00f3n estimada de m\u00e1s de 12 mil concursantes.<br \/>Se espera que a la fiesta literaria acudan m\u00e1s de 160 mil personas, superando as\u00ed la asistencia de 151 mil que tuvo la edici\u00f3n anterior.<\/p>\n","protected":false},"excerpt":{"rendered":"<p>Con la tem\u00e1tica central de la Educaci\u00f3n, del pr\u00f3ximo 26 de agosto al 4 de septiembre se llevar\u00e1 a cabo la 29 Feria Universitaria del Libro (FUL) en Pachuca, Hidalgo.<\/p>\n","protected":false},"author":6,"featured_media":0,"comment_status":"open","ping_status":"open","sticky":false,"template":"","format":"standard","meta":{"footnotes":""},"categories":[59],"tags":[],"class_list":["post-26896","post","type-post","status-publish","format-standard","hentry","category-general"],"_links":{"self":[{"href":"https:\/\/plazajuarez.mx\/historico\/wp-json\/wp\/v2\/posts\/26896","targetHints":{"allow":["GET"]}}],"collection":[{"href":"https:\/\/plazajuarez.mx\/historico\/wp-json\/wp\/v2\/posts"}],"about":[{"href":"https:\/\/plazajuarez.mx\/historico\/wp-json\/wp\/v2\/types\/post"}],"author":[{"embeddable":true,"href":"https:\/\/plazajuarez.mx\/historico\/wp-json\/wp\/v2\/users\/6"}],"replies":[{"embeddable":true,"href":"https:\/\/plazajuarez.mx\/historico\/wp-json\/wp\/v2\/comments?post=26896"}],"version-history":[{"count":0,"href":"https:\/\/plazajuarez.mx\/historico\/wp-json\/wp\/v2\/posts\/26896\/revisions"}],"wp:attachment":[{"href":"https:\/\/plazajuarez.mx\/historico\/wp-json\/wp\/v2\/media?parent=26896"}],"wp:term":[{"taxonomy":"category","embeddable":true,"href":"https:\/\/plazajuarez.mx\/historico\/wp-json\/wp\/v2\/categories?post=26896"},{"taxonomy":"post_tag","embeddable":true,"href":"https:\/\/plazajuarez.mx\/historico\/wp-json\/wp\/v2\/tags?post=26896"}],"curies":[{"name":"wp","href":"https:\/\/api.w.org\/{rel}","templated":true}]}}