{"id":268537,"date":"2023-07-05T13:21:27","date_gmt":"2023-07-05T19:21:27","guid":{"rendered":"https:\/\/plazajuarez.mx\/?p=268537"},"modified":"2023-07-05T13:21:31","modified_gmt":"2023-07-05T19:21:31","slug":"viva_","status":"publish","type":"post","link":"https:\/\/plazajuarez.mx\/historico\/viva_\/","title":{"rendered":"Viva Aerobus va por 90 aviones para ampliar su flota"},"content":{"rendered":"\n<p>Viva Aerobus firm\u00f3 un memorando de entendimiento para la adquisici\u00f3n de 90 aeronaves Airbus A321neo.<\/p>\n\n\n\n<p>Con esta tercera operaci\u00f3n con el mismo fabricante, la aerol\u00ednea mantendr\u00e1 estandarizada su flota con aeronaves A320, elevando su orden de pedido a 170 aviones Airbus.<\/p>\n\n\n\n<p>&#8220;Este acuerdo demuestra la solidez de nuestra empresa y la confianza y compromiso que tenemos los accionistas y colaboradores de Viva Aerobus con nuestro pa\u00eds, por continuar impulsando la competitividad, la conectividad, y el turismo, con un transporte a\u00e9reo de calidad y accesible para todos&#8221;, coment\u00f3 Roberto Alc\u00e1ntara, presidente del Consejo de Administraci\u00f3n de Grupo Viva Aerobus, en un comunicado.<\/p>\n\n\n\n<p>&#8220;Estas aeronaves, con 240 asientos, nos permitir\u00e1n seguir mejorando nuestros niveles de productividad operativa y eficiencia en el consumo de combustible, reduciendo nuestros costos, y, por ende, seguir ofreciendo tarifas m\u00e1s bajas a nuestros pasajeros.<\/p>\n\n\n\n<p>&#8220;Simult\u00e1neamente, podremos avanzar en la disminuci\u00f3n de emisiones de carbono por pasajero para continuar acredit\u00e1ndonos como la aerol\u00ednea m\u00e1s verde de M\u00e9xico&#8221;, agreg\u00f3 Juan Carlos Zuazua, director general de Viva Aerobus.<\/p>\n\n\n\n<p>Al incorporar motores de nueva generaci\u00f3n y &#8220;Sharklets&#8221; el A321neo ofrece 50% reducci\u00f3n de ruido y m\u00e1s de 20% ahorro de combustible comparado con aeronaves de una generaci\u00f3n previa.<\/p>\n\n\n\n<p>Adem\u00e1s, maximiza la comodidad para pasajeros al tener la cabina m\u00e1s amplia y gran espacio de almacenamiento.<\/p>\n\n\n\n<p>&#8220;El mercado mexicano del turismo est\u00e1 en plena recuperaci\u00f3n y Viva Aerobus est\u00e1 en el centro de la acci\u00f3n. La rentabilidad del A321neo lo convierte en la elecci\u00f3n perfecta para el modelo de ultra bajo costo de la aerol\u00ednea.<\/p>\n\n\n\n<p>&#8220;Estamos encantados de nuestra historia de colaboraci\u00f3n con la aerol\u00ednea desde 2013 y esperamos seguir participando en su trayectoria de crecimiento&#8221;, dijo Christian Scherer, director comercial y responsable de Airbus International.<\/p>\n\n\n\n<p>Sobre la selecci\u00f3n de motores GTF de Pratt &amp; Whitney, Zuazua se\u00f1al\u00f3 que este acuerdo es un importante paso en la reducci\u00f3n de las emisiones de carbono de la aerol\u00ednea.<\/p>\n\n\n\n<p>Los motores GTF utilizan una tecnolog\u00eda de ventilador engranado que permite a cada parte del motor girar a velocidad \u00f3ptima, brindando el nivel m\u00e1s alto de eficiencia en combustible y las m\u00e1s bajas emisiones de gases efecto invernadero.<\/p>\n","protected":false},"excerpt":{"rendered":"<p>Viva Aerobus firm\u00f3 un memorando de entendimiento para la adquisici\u00f3n de 90 aeronaves Airbus A321neo. Con esta tercera operaci\u00f3n con el mismo fabricante, la aerol\u00ednea mantendr\u00e1 estandarizada su flota con aeronaves A320, elevando su orden de pedido a 170 aviones Airbus. &#8220;Este acuerdo demuestra la solidez de nuestra empresa y la confianza y compromiso que [&hellip;]<\/p>\n","protected":false},"author":81,"featured_media":268538,"comment_status":"closed","ping_status":"closed","sticky":false,"template":"","format":"standard","meta":{"footnotes":""},"categories":[36],"tags":[],"class_list":["post-268537","post","type-post","status-publish","format-standard","has-post-thumbnail","hentry","category-nacion"],"_links":{"self":[{"href":"https:\/\/plazajuarez.mx\/historico\/wp-json\/wp\/v2\/posts\/268537","targetHints":{"allow":["GET"]}}],"collection":[{"href":"https:\/\/plazajuarez.mx\/historico\/wp-json\/wp\/v2\/posts"}],"about":[{"href":"https:\/\/plazajuarez.mx\/historico\/wp-json\/wp\/v2\/types\/post"}],"author":[{"embeddable":true,"href":"https:\/\/plazajuarez.mx\/historico\/wp-json\/wp\/v2\/users\/81"}],"replies":[{"embeddable":true,"href":"https:\/\/plazajuarez.mx\/historico\/wp-json\/wp\/v2\/comments?post=268537"}],"version-history":[{"count":0,"href":"https:\/\/plazajuarez.mx\/historico\/wp-json\/wp\/v2\/posts\/268537\/revisions"}],"wp:featuredmedia":[{"embeddable":true,"href":"https:\/\/plazajuarez.mx\/historico\/wp-json\/wp\/v2\/media\/268538"}],"wp:attachment":[{"href":"https:\/\/plazajuarez.mx\/historico\/wp-json\/wp\/v2\/media?parent=268537"}],"wp:term":[{"taxonomy":"category","embeddable":true,"href":"https:\/\/plazajuarez.mx\/historico\/wp-json\/wp\/v2\/categories?post=268537"},{"taxonomy":"post_tag","embeddable":true,"href":"https:\/\/plazajuarez.mx\/historico\/wp-json\/wp\/v2\/tags?post=268537"}],"curies":[{"name":"wp","href":"https:\/\/api.w.org\/{rel}","templated":true}]}}