{"id":268526,"date":"2023-07-05T14:31:27","date_gmt":"2023-07-05T20:31:27","guid":{"rendered":"https:\/\/plazajuarez.mx\/?p=268526"},"modified":"2023-07-05T15:04:03","modified_gmt":"2023-07-05T21:04:03","slug":"tragico_oaxaca","status":"publish","type":"post","link":"https:\/\/plazajuarez.mx\/historico\/tragico_oaxaca\/","title":{"rendered":"Permanecen 6 personas graves tras accidente de autob\u00fas en Oaxaca"},"content":{"rendered":"\n<p>El gobernador Salom\u00f3n Jara Cruz dio a conocer que instruy\u00f3 que las diversas instancias del Gobierno del Estado trabajen para atender a las personas heridas que requieren atenci\u00f3n m\u00e9dica como resultado de la volcadura de un autob\u00fas de pasajeros en la comunidad de Magdalena Pe\u00f1asco, en la regi\u00f3n de la Mixteca, Oaxaca.<\/p>\n\n\n\n<p>Tras lamentar el fallecimiento de 27 personas, Jara se\u00f1al\u00f3 que el personal del Gobierno Estatal tiene la instructora de brindar, desde el lugar del accidente, &#8220;todo el apoyo a las personas lesionadas y sean trasladadas a las unidades m\u00e9dicas para que reciban la atenci\u00f3n correspondiente&#8221;.<\/p>\n\n\n\n<p>El mandatario envi\u00f3 su p\u00e9same a nombre del Gobierno y pueblo de Oaxaca a las familias de las personas fallecidas, a quienes tambi\u00e9n se les brindar\u00e1 todo el apoyo para atender su p\u00e9rdida, dijo.<\/p>\n\n\n\n<p>&#8212;-Diversas dependencias brindan apoyo por accidente<\/p>\n\n\n\n<p>Seg\u00fan la informaci\u00f3n oficial, en el lugar del accidente trabaja personal de la Secretar\u00eda de Gobierno a trav\u00e9s de la Delegaci\u00f3n de Paz en la zona, as\u00ed como la Secretar\u00eda de Seguridad y Protecci\u00f3n Ciudadana (SSPC), de la Secretar\u00eda de Salud de Oaxaca, de la Secretar\u00eda de Bienestar, Tequio e Inclusi\u00f3n (Sebienti); de la Coordinaci\u00f3n Estatal de Protecci\u00f3n y Gesti\u00f3n de Riesgos (CEPCyGR), de la Fiscal\u00eda General del Estado de Oaxaca y polic\u00edas municipales.<\/p>\n\n\n\n<p>Adem\u00e1s, se dirige personal del Sistema DIF Oaxaca y se solicit\u00f3 el apoyo a la Guardia Nacional, la Secretar\u00eda de la Defensa Nacional (Sedena) y las Fuerzas Armadas para atender esta contingencia y respaldar a las familias para su atenci\u00f3n.<\/p>\n\n\n\n<p>Los reportes preliminares se\u00f1alan que el accidente se registr\u00f3 a las 6:30 de la ma\u00f1ana de este mi\u00e9rcoles, cuando la unidad de motor proveniente del centro del pa\u00eds se desbarranc\u00f3 en una hondonada de 25 metros de profundidad aproximadamente, a la altura de la cl\u00ednica 184 en Magdalena Pe\u00f1asco, Tlaxiaco.<\/p>\n\n\n\n<p>&#8212;-Fiscal\u00eda reporta 27 muertos por volcadura de autob\u00fas<\/p>\n\n\n\n<p>De acuerdo con la Fiscal\u00eda General del Estado de Oaxaca (FGEO) se tiene el reporte de 27 personas fallecidas, las cuales fueron trasladadas al auditorio de Magdalena Pe\u00f1asco para el posible reconocimiento de los cuerpos.<\/p>\n\n\n\n<p>Adem\u00e1s, al menos seis personas lesionadas de gravedad e inconscientes est\u00e1n en calidad de desconocidas, mientras que otras 13 personas lesionadas de gravedad fueron trasladadas al hospital IMSS Bienestar n\u00famero 34 de la ciudad de Tlaxiaco.<\/p>\n\n\n\n<p>Al lugar del accidente acudieron ambulancias de Magdalena Pe\u00f1asco y municipios cercanos, as\u00ed como maquinaria y personal de Protecci\u00f3n Civil.<\/p>\n","protected":false},"excerpt":{"rendered":"<p>El gobernador Salom\u00f3n Jara Cruz dio a conocer que instruy\u00f3 que las diversas instancias del Gobierno del Estado trabajen para atender a las personas heridas que requieren atenci\u00f3n m\u00e9dica como resultado de la volcadura de un autob\u00fas de pasajeros en la comunidad de Magdalena Pe\u00f1asco, en la regi\u00f3n de la Mixteca, Oaxaca. Tras lamentar el [&hellip;]<\/p>\n","protected":false},"author":81,"featured_media":268544,"comment_status":"closed","ping_status":"closed","sticky":false,"template":"","format":"standard","meta":{"footnotes":""},"categories":[37,15,36],"tags":[],"class_list":["post-268526","post","type-post","status-publish","format-standard","has-post-thumbnail","hentry","category-barandilla","category-destacadas","category-nacion"],"_links":{"self":[{"href":"https:\/\/plazajuarez.mx\/historico\/wp-json\/wp\/v2\/posts\/268526","targetHints":{"allow":["GET"]}}],"collection":[{"href":"https:\/\/plazajuarez.mx\/historico\/wp-json\/wp\/v2\/posts"}],"about":[{"href":"https:\/\/plazajuarez.mx\/historico\/wp-json\/wp\/v2\/types\/post"}],"author":[{"embeddable":true,"href":"https:\/\/plazajuarez.mx\/historico\/wp-json\/wp\/v2\/users\/81"}],"replies":[{"embeddable":true,"href":"https:\/\/plazajuarez.mx\/historico\/wp-json\/wp\/v2\/comments?post=268526"}],"version-history":[{"count":0,"href":"https:\/\/plazajuarez.mx\/historico\/wp-json\/wp\/v2\/posts\/268526\/revisions"}],"wp:featuredmedia":[{"embeddable":true,"href":"https:\/\/plazajuarez.mx\/historico\/wp-json\/wp\/v2\/media\/268544"}],"wp:attachment":[{"href":"https:\/\/plazajuarez.mx\/historico\/wp-json\/wp\/v2\/media?parent=268526"}],"wp:term":[{"taxonomy":"category","embeddable":true,"href":"https:\/\/plazajuarez.mx\/historico\/wp-json\/wp\/v2\/categories?post=268526"},{"taxonomy":"post_tag","embeddable":true,"href":"https:\/\/plazajuarez.mx\/historico\/wp-json\/wp\/v2\/tags?post=268526"}],"curies":[{"name":"wp","href":"https:\/\/api.w.org\/{rel}","templated":true}]}}