{"id":268379,"date":"2023-07-04T17:37:09","date_gmt":"2023-07-04T23:37:09","guid":{"rendered":"https:\/\/plazajuarez.mx\/?p=268379"},"modified":"2023-07-04T17:37:14","modified_gmt":"2023-07-04T23:37:14","slug":"el-nino_fenomenoclimatico","status":"publish","type":"post","link":"https:\/\/plazajuarez.mx\/historico\/el-nino_fenomenoclimatico\/","title":{"rendered":"Declaran el inicio del fen\u00f3meno clim\u00e1tico &#8220;El Ni\u00f1o&#8221;"},"content":{"rendered":"\n<p>La Organizaci\u00f3n Meteorol\u00f3gica Mundial (OMM) acaba de dar a conocer que &#8220;El Ni\u00f1o&#8221;, un evento clim\u00e1tico que aumenta las temperaturas a escala global, entre cada dos a siete a\u00f1os, ya comenz\u00f3, por lo que piden a los gobiernos mundiales tomar medidas oportunas que protejan la vida tanto de sus ecosistemas como de sus pobladores pues, de acuerdo a los pron\u00f3sticos, este fen\u00f3meno clim\u00e1tico se extender\u00e1 en lo que resta del 2023 y, su impacto como sus consecuencias, ser\u00e1n m\u00e1s evidentes en 2024.<\/p>\n\n\n\n<p>A poco tiempo de que esta misma organizaci\u00f3n confirmara el fin de &#8220;La Ni\u00f1a&#8221;, a principios de a\u00f1o, ahora declara el inicio de &#8220;El Ni\u00f1o&#8221;, el cual -probablemente- nos haga alcanzar las temperaturas m\u00e1s altas jam\u00e1s registradas pues, de acuerdo con la denominaci\u00f3n que la OMM ofrece, se trata de un patr\u00f3n clim\u00e1tico que ocurre cuando la temperatura de la superficie de los oc\u00e9anos aumenta de forma an\u00f3mala.<\/p>\n\n\n\n<p>Este tiende a suscitarse de entre cada dos a siete a\u00f1os, de hecho, la \u00faltima vez que se registr\u00f3 este evento fue en 2016, hace exactamente siete a\u00f1os.<\/p>\n\n\n\n<p>En esta ocasi\u00f3n -informa la OMM- se ha desarrollado a partir del Pac\u00edfico tropical, el cual comprende el territorio del centro y sur de Am\u00e9rica, a lo largo de 2 millones de kil\u00f3metros cuadrados.<\/p>\n\n\n\n<p>Pero, para comprender mejor c\u00f3mo se sucit\u00f3, es importante mencionar a &#8220;La Ni\u00f1a&#8221; que, en sentido opuesto a lo que produce &#8220;El Ni\u00f1o&#8221;, es responsable del enfriamiento an\u00f3malo de los oc\u00e9anos, por lo que al comenzar una etapa activa de &#8220;El Ni\u00f1o&#8221; seremos testigos de altas en la temperatura como no estamos acostumbradas ni acostumbrados.<\/p>\n\n\n\n<p>Esta resoluci\u00f3n de la OMM sucedi\u00f3 luego de observar que, a finales de junio, las temperaturas promedio aumentaron alrededor de medio grado Celsius, por encima del promedio, con un valor de +0,9 grados cent\u00edgrados. Para que te des una idea de las diferencias de temperaturas que experimentamos hoy con las que vivimos en 2022, el a\u00f1o pasado se registraba en un promedio de -0,44.<\/p>\n\n\n\n<p>Entre los pron\u00f3sticos que la organizaci\u00f3n meteorol\u00f3gica ha hecho de &#8220;El Ni\u00f1o&#8221;, se espera que este perdure en lo que resta del 2023 pues, otra de sus caracter\u00edsticas es que se mantiene activo entre seis a 12 meses. Otro de los pormenores de los que se habla en el comunicado es que su fuerza alcanzar\u00e1 una magnitud media que, en comparaci\u00f3n de la que tuvo en 2016, ser\u00e1 m\u00e1s moderada pues ese a\u00f1o fue calificada como &#8220;excepcionalmente fuerte&#8221;.<\/p>\n\n\n\n<p>De hecho, ese es el a\u00f1o que cuenta con las temperaturas m\u00e1s c\u00e1lidas registradas, sin embargo, en otro documento -publicado hace tan s\u00f3lo unas semanas- la OMM se\u00f1ala que, lo m\u00e1s probable, es que dicho r\u00e9cord de temperatura sea superado en cualquiera de los cinco a\u00f1os que est\u00e1n por venir.<\/p>\n\n\n\n<p>Los porcentajes sugieren que, entre el 2023 al 2027, habr\u00e1 en 66% de probabilidad de que la temperatura global anual alcance los 1,5 grados, precisamente la cifra que -mediante el Acuerdo de Par\u00eds- los gobiernos mundiales se han comprometido a combatir.<\/p>\n\n\n\n<p>En el comunicado de la OMM se comparten, adem\u00e1s, una serie de declaraciones de un grupo de expertos de la OMM que, preocupados por los efectos que este evento clim\u00e1tico pueda causar, solicitan la atenci\u00f3n y el compromiso de los gobiernos de alrededor del mundo para combatir sus consecuencias de forma oportuna, ya que -de no tomar las medidas adecuadas- este aumento de temperaturas podr\u00eda poner en peligro a la poblaci\u00f3n.<\/p>\n\n\n\n<p>&#8220;La aparici\u00f3n de El Ni\u00f1o aumentar\u00e1 en gran medida la probabilidad de romper r\u00e9cords de temperatura y desencadenar un calor m\u00e1s extremo en muchas partes del mundo y en el oc\u00e9ano&#8221;, estima Petteri Taalas, secretario general de la OMM.<\/p>\n\n\n\n<p>&#8220;Las alertas tempranas y la acci\u00f3n anticipatoria de los fen\u00f3menos meteorol\u00f3gicos extremos asociados con este importante fen\u00f3meno clim\u00e1tico son vitales para salvar vidas y medios de subsistencia&#8221;, sentenci\u00f3, por lo que espera que dicha declaraci\u00f3n se convierta en una se\u00f1al para que los gobiernos de todo el mundo movilicen los preparativos y limiten los impacto que &#8220;El Ni\u00f1o&#8221; puede producir a la salud.<\/p>\n\n\n\n<p>&#8220;(Se trata) de una llamada de atenci\u00f3n, o una advertencia temprana, de que a\u00fan no vamos en la direcci\u00f3n correcta para limitar el calentamiento dentro de los objetivos establecidos en Par\u00eds en 2015, dise\u00f1ados para reducir sustancialmente los impactos del cambio clim\u00e1tico&#8221;, dijo -por su parte- Chris Hewitt, director de servicios clim\u00e1ticos de la organizaci\u00f3n.<\/p>\n","protected":false},"excerpt":{"rendered":"<p>La Organizaci\u00f3n Meteorol\u00f3gica Mundial (OMM) acaba de dar a conocer que &#8220;El Ni\u00f1o&#8221;, un evento clim\u00e1tico que aumenta las temperaturas a escala global, entre cada dos a siete a\u00f1os, ya comenz\u00f3, por lo que piden a los gobiernos mundiales tomar medidas oportunas que protejan la vida tanto de sus ecosistemas como de sus pobladores pues, [&hellip;]<\/p>\n","protected":false},"author":81,"featured_media":268383,"comment_status":"closed","ping_status":"closed","sticky":false,"template":"","format":"standard","meta":{"footnotes":""},"categories":[41],"tags":[],"class_list":["post-268379","post","type-post","status-publish","format-standard","has-post-thumbnail","hentry","category-arteria-cultural"],"_links":{"self":[{"href":"https:\/\/plazajuarez.mx\/historico\/wp-json\/wp\/v2\/posts\/268379","targetHints":{"allow":["GET"]}}],"collection":[{"href":"https:\/\/plazajuarez.mx\/historico\/wp-json\/wp\/v2\/posts"}],"about":[{"href":"https:\/\/plazajuarez.mx\/historico\/wp-json\/wp\/v2\/types\/post"}],"author":[{"embeddable":true,"href":"https:\/\/plazajuarez.mx\/historico\/wp-json\/wp\/v2\/users\/81"}],"replies":[{"embeddable":true,"href":"https:\/\/plazajuarez.mx\/historico\/wp-json\/wp\/v2\/comments?post=268379"}],"version-history":[{"count":0,"href":"https:\/\/plazajuarez.mx\/historico\/wp-json\/wp\/v2\/posts\/268379\/revisions"}],"wp:featuredmedia":[{"embeddable":true,"href":"https:\/\/plazajuarez.mx\/historico\/wp-json\/wp\/v2\/media\/268383"}],"wp:attachment":[{"href":"https:\/\/plazajuarez.mx\/historico\/wp-json\/wp\/v2\/media?parent=268379"}],"wp:term":[{"taxonomy":"category","embeddable":true,"href":"https:\/\/plazajuarez.mx\/historico\/wp-json\/wp\/v2\/categories?post=268379"},{"taxonomy":"post_tag","embeddable":true,"href":"https:\/\/plazajuarez.mx\/historico\/wp-json\/wp\/v2\/tags?post=268379"}],"curies":[{"name":"wp","href":"https:\/\/api.w.org\/{rel}","templated":true}]}}