{"id":267524,"date":"2023-06-29T22:29:22","date_gmt":"2023-06-30T04:29:22","guid":{"rendered":"https:\/\/plazajuarez.mx\/?p=267524"},"modified":"2023-06-29T22:29:36","modified_gmt":"2023-06-30T04:29:36","slug":"piden-incorporacion-de-mas-mujeres-en-cargos-gubernamentales","status":"publish","type":"post","link":"https:\/\/plazajuarez.mx\/historico\/piden-incorporacion-de-mas-mujeres-en-cargos-gubernamentales\/","title":{"rendered":"Piden incorporaci\u00f3n de m\u00e1s mujeres en cargos gubernamentales"},"content":{"rendered":"\n<p>Citlali Jaramillo Ram\u00edrez, diputada local independiente, inform\u00f3 que al realizar un an\u00e1lisis en las dependencias para ver cu\u00e1ntos cargos y de qu\u00e9 tipo est\u00e1n ocupados por mujeres, se puede advertir que el panorama del organigrama de cada una de los entes gubernamentales es completamente diferente al que se muestra en el gabinete estatal.&nbsp;<\/p>\n\n\n\n<p>Por lo que expuso que es necesario que el tema sea atendido por el gobernador, ya que se debe continuar la lucha contra la desigualdad de g\u00e9nero, y que una de las formas en las que se contribuye al tema es la incorporaci\u00f3n de m\u00e1s mujeres en cargos de mando superior o directivo en cada dependencia estatal.<\/p>\n\n\n\n<p>En su argumentaci\u00f3n, la diputada independiente destac\u00f3 que el nivel de secretario en el Poder Ejecutivo es del 38.8 por ciento, de subsecretar\u00edas es del 22.2 por ciento y de directoras generales es de 38.3 por ciento tan s\u00f3lo en la administraci\u00f3n centralizada.&nbsp;<\/p>\n\n\n\n<p>Mientras que mujeres titulares de Entidades Paraestatales es 13 de 64, y que el porcentaje de participaci\u00f3n de las mujeres en altos cargos en la administraci\u00f3n p\u00fablica centralizada y paraestatal dentro del Poder Ejecutivo es de un promedio del 28.51 por ciento.<\/p>\n\n\n\n<p>Y aunque reconoci\u00f3 que el gobernador Julio Ram\u00f3n Menchaca Salazar, realiz\u00f3 un ejercicio de empoderamiento de las mujeres en el \u00e1mbito p\u00fablico, al nombrar a siete mujeres dentro de su gabinete, destac\u00f3 que aunque esto es un hecho hist\u00f3rico porque no hab\u00eda ocurrido en administraciones pasadas, no es suficiente para avanzar en el tema de igualdad.<\/p>\n","protected":false},"excerpt":{"rendered":"<p>Citlali Jaramillo Ram\u00edrez, diputada local independiente, inform\u00f3 que al realizar un an\u00e1lisis en las dependencias para ver cu\u00e1ntos cargos y de qu\u00e9 tipo est\u00e1n ocupados por mujeres, se puede advertir que el panorama del organigrama de cada una de los entes gubernamentales es completamente diferente al que se muestra en el gabinete estatal.&nbsp; Por lo [&hellip;]<\/p>\n","protected":false},"author":72,"featured_media":267525,"comment_status":"closed","ping_status":"closed","sticky":false,"template":"","format":"standard","meta":{"footnotes":""},"categories":[59,2159],"tags":[],"class_list":["post-267524","post","type-post","status-publish","format-standard","has-post-thumbnail","hentry","category-general","category-noticias-de-hidalgo"],"_links":{"self":[{"href":"https:\/\/plazajuarez.mx\/historico\/wp-json\/wp\/v2\/posts\/267524","targetHints":{"allow":["GET"]}}],"collection":[{"href":"https:\/\/plazajuarez.mx\/historico\/wp-json\/wp\/v2\/posts"}],"about":[{"href":"https:\/\/plazajuarez.mx\/historico\/wp-json\/wp\/v2\/types\/post"}],"author":[{"embeddable":true,"href":"https:\/\/plazajuarez.mx\/historico\/wp-json\/wp\/v2\/users\/72"}],"replies":[{"embeddable":true,"href":"https:\/\/plazajuarez.mx\/historico\/wp-json\/wp\/v2\/comments?post=267524"}],"version-history":[{"count":0,"href":"https:\/\/plazajuarez.mx\/historico\/wp-json\/wp\/v2\/posts\/267524\/revisions"}],"wp:featuredmedia":[{"embeddable":true,"href":"https:\/\/plazajuarez.mx\/historico\/wp-json\/wp\/v2\/media\/267525"}],"wp:attachment":[{"href":"https:\/\/plazajuarez.mx\/historico\/wp-json\/wp\/v2\/media?parent=267524"}],"wp:term":[{"taxonomy":"category","embeddable":true,"href":"https:\/\/plazajuarez.mx\/historico\/wp-json\/wp\/v2\/categories?post=267524"},{"taxonomy":"post_tag","embeddable":true,"href":"https:\/\/plazajuarez.mx\/historico\/wp-json\/wp\/v2\/tags?post=267524"}],"curies":[{"name":"wp","href":"https:\/\/api.w.org\/{rel}","templated":true}]}}