{"id":267523,"date":"2023-06-29T22:29:45","date_gmt":"2023-06-30T04:29:45","guid":{"rendered":"https:\/\/plazajuarez.mx\/?p=267523"},"modified":"2023-06-29T22:29:49","modified_gmt":"2023-06-30T04:29:49","slug":"inicia-diplomado-en-lengua-de-senas-mexicana","status":"publish","type":"post","link":"https:\/\/plazajuarez.mx\/historico\/inicia-diplomado-en-lengua-de-senas-mexicana\/","title":{"rendered":"Inicia diplomado en Lengua de Se\u00f1as Mexicana"},"content":{"rendered":"\n<p>Inici\u00f3 el diplomado en Lengua de Se\u00f1as Mexicana (LSM), en la Universidad Pedag\u00f3gica Nacional-Hidalgo (UPN-H), mismo que tiene el objetivo de desarrollar habilidades comunicativas en el uso de la Lengua de Se\u00f1as Mexicana y reconocer algunas caracter\u00edsticas de la cultura y comunidad sorda a trav\u00e9s de diversas estrategias en el uso de la lengua y de experiencias en la interacci\u00f3n con personas sordas.&nbsp;<\/p>\n\n\n\n<p>Lo anterior como parte del Programa Universidad Inclusiva, adem\u00e1s de que el programa est\u00e1 inscrito en el cat\u00e1logo de la Unidad del Sistema para la Carrera de las Maestras y&nbsp; Maestros (Usicamm), por lo que de acuerdo con el proyecto: \u201cal finalizar este programa los estudiantes tendr\u00e1n las habilidades comunicativas que les permitan establecer v\u00ednculos sociales y conversaciones b\u00e1sicas con personas sordas\u201d.<\/p>\n\n\n\n<p>El contenido del diplomado est\u00e1 dividido en tres m\u00f3dulos: Introducci\u00f3n a la cultura de los sordos, a la lengua y a los elementos que conforman la LSM, adem\u00e1s del desarrollo de habilidades comunicativas fundamentales para el aprendizaje de la Lengua de Se\u00f1as.<\/p>\n\n\n\n<p>Al respecto, Hilda Reyes Fern\u00e1ndez, Coordinadora de Educaci\u00f3n Continua, coment\u00f3 que todav\u00eda hay lugares para ingresar a este diplomado, la inscripci\u00f3n se culmina este 30 de junio en un horario de 9:00 a 15:00 horas, en la Coordinaci\u00f3n de Educaci\u00f3n Continua, este programa tiene dos horarios de atenci\u00f3n de 9:00 a 12:00 horas y de 12:00 a 15:00 horas.<\/p>\n\n\n\n<p>En su intervenci\u00f3n, Marisol Vite Vargas, directora general de la UPN-H agradeci\u00f3 la preferencia y disposici\u00f3n para inscribirse en este diplomado, coment\u00f3 que la duraci\u00f3n es de 120 horas de trabajo presencial y en casa, por lo que enfatiz\u00f3 que es un compromiso mutuo para conocer la cultura sorda y la LSM.<\/p>\n","protected":false},"excerpt":{"rendered":"<p>Inici\u00f3 el diplomado en Lengua de Se\u00f1as Mexicana (LSM), en la Universidad Pedag\u00f3gica Nacional-Hidalgo (UPN-H), mismo que tiene el objetivo de desarrollar habilidades comunicativas en el uso de la Lengua de Se\u00f1as Mexicana y reconocer algunas caracter\u00edsticas de la cultura y comunidad sorda a trav\u00e9s de diversas estrategias en el uso de la lengua y [&hellip;]<\/p>\n","protected":false},"author":72,"featured_media":267526,"comment_status":"closed","ping_status":"closed","sticky":false,"template":"","format":"standard","meta":{"footnotes":""},"categories":[59,2159],"tags":[],"class_list":["post-267523","post","type-post","status-publish","format-standard","has-post-thumbnail","hentry","category-general","category-noticias-de-hidalgo"],"_links":{"self":[{"href":"https:\/\/plazajuarez.mx\/historico\/wp-json\/wp\/v2\/posts\/267523","targetHints":{"allow":["GET"]}}],"collection":[{"href":"https:\/\/plazajuarez.mx\/historico\/wp-json\/wp\/v2\/posts"}],"about":[{"href":"https:\/\/plazajuarez.mx\/historico\/wp-json\/wp\/v2\/types\/post"}],"author":[{"embeddable":true,"href":"https:\/\/plazajuarez.mx\/historico\/wp-json\/wp\/v2\/users\/72"}],"replies":[{"embeddable":true,"href":"https:\/\/plazajuarez.mx\/historico\/wp-json\/wp\/v2\/comments?post=267523"}],"version-history":[{"count":0,"href":"https:\/\/plazajuarez.mx\/historico\/wp-json\/wp\/v2\/posts\/267523\/revisions"}],"wp:featuredmedia":[{"embeddable":true,"href":"https:\/\/plazajuarez.mx\/historico\/wp-json\/wp\/v2\/media\/267526"}],"wp:attachment":[{"href":"https:\/\/plazajuarez.mx\/historico\/wp-json\/wp\/v2\/media?parent=267523"}],"wp:term":[{"taxonomy":"category","embeddable":true,"href":"https:\/\/plazajuarez.mx\/historico\/wp-json\/wp\/v2\/categories?post=267523"},{"taxonomy":"post_tag","embeddable":true,"href":"https:\/\/plazajuarez.mx\/historico\/wp-json\/wp\/v2\/tags?post=267523"}],"curies":[{"name":"wp","href":"https:\/\/api.w.org\/{rel}","templated":true}]}}