{"id":267514,"date":"2023-06-29T19:29:59","date_gmt":"2023-06-30T01:29:59","guid":{"rendered":"https:\/\/plazajuarez.mx\/?p=267514"},"modified":"2023-06-29T19:30:02","modified_gmt":"2023-06-30T01:30:02","slug":"rinden_","status":"publish","type":"post","link":"https:\/\/plazajuarez.mx\/historico\/rinden_\/","title":{"rendered":"Rinden protesta integrantes del Comit\u00e9 que busca erradicar violencia laboral"},"content":{"rendered":"\n<p>El presidente municipal de Pachuca, Sergio Ba\u00f1os Rubio, tom\u00f3 protesta a los integrantes del Comit\u00e9 de implementaci\u00f3n del Protocolo para la Prevenci\u00f3n, Atenci\u00f3n, Seguimiento y Erradicaci\u00f3n de la Violencia Laboral en el Ayuntamiento de Pachuca.<\/p>\n\n\n\n<p>Este comit\u00e9 tiene el objetivo de establecer las bases para la prevenci\u00f3n, atenci\u00f3n y seguimiento de todo tipo de casos de violencia laboral, incluyendo el acoso sexual y\/o laboral y el hostigamiento sexual en las dependencias y entidades de la administraci\u00f3n p\u00fablica municipal de Pachuca de Soto, Hidalgo.<\/p>\n\n\n\n<p>En su mensaje, el alcalde mencion\u00f3 que era una tarea pendiente y algo que se ten\u00eda que hacer, ya que este tipo de acciones repercuten en el bienestar laboral de las y los trabajadores de la administraci\u00f3n p\u00fablica municipal, entendiendo que es un problema que perjudica mayormente a las trabajadoras del municipio.<\/p>\n\n\n\n<p>Por tal motivo, dijo, se realizar\u00e1n acciones afirmativas que coadyuven a la protecci\u00f3n de las mujeres, con el pleno compromiso que se tiene en el gobierno y esta acci\u00f3n abona a los trabajos de protecci\u00f3n de los derechos de todas y todos.<\/p>\n\n\n\n<p>En su intervenci\u00f3n, la coordinadora de la Comisi\u00f3n de Ni\u00f1ez, Juventud y Deporte, Brenda Ximena Ram\u00edrez Riva Palacio que fue quien propuso esta iniciativa en el Cabildo, se\u00f1al\u00f3 que la finalidad de este Comit\u00e9 es ayudar a las y los trabajadores que sufren violencia, discriminaci\u00f3n o injusticias en sus espacios laborales.<\/p>\n\n\n\n<p>Asimismo, la coordinadora de la Comisi\u00f3n de Igualdad y G\u00e9nero, la regidora Liz Mar\u00eda P\u00e9rez Hern\u00e1ndez, refiri\u00f3 que este comit\u00e9 es importante ya que servir\u00e1 para que en todas las oficinas puedan denunciar si hay violencia laboral y darle seguimiento a cada se\u00f1alamiento que se presente, junto con las comisiones de Igualdad y G\u00e9nero, y Derechos Humanos del Cabildo.<\/p>\n\n\n\n<p>Las y los integrantes del Comit\u00e9 que rindieron protesta son:<\/p>\n\n\n\n<p>Karla Perales Arrieta, titular de SIPINNA Pachuca<br>Mar\u00eda Isabel D\u00e1vila Vald\u00e9s, directora del DIF Municipal<br>Karla \u00c1vila Montalvo, trabajadora de la Secretar\u00eda de Medio Ambiente Municipal<br>Norberto Carlos C\u00f3rdova Vital, trabajador del DIF Pachuca<br>Karen Roque Rodr\u00edguez, directora del Instituto Municipal de la Juventud<br>Rafael Aguilar Rivera, trabajador del Instituto Municipal de la Juventud<br>Y la activista Martha Canseco Gonz\u00e1lez<\/p>\n","protected":false},"excerpt":{"rendered":"<p>El presidente municipal de Pachuca, Sergio Ba\u00f1os Rubio, tom\u00f3 protesta a los integrantes del Comit\u00e9 de implementaci\u00f3n del Protocolo para la Prevenci\u00f3n, Atenci\u00f3n, Seguimiento y Erradicaci\u00f3n de la Violencia Laboral en el Ayuntamiento de Pachuca. Este comit\u00e9 tiene el objetivo de establecer las bases para la prevenci\u00f3n, atenci\u00f3n y seguimiento de todo tipo de casos [&hellip;]<\/p>\n","protected":false},"author":93,"featured_media":267515,"comment_status":"closed","ping_status":"closed","sticky":false,"template":"","format":"standard","meta":{"footnotes":""},"categories":[15,59,2159],"tags":[],"class_list":["post-267514","post","type-post","status-publish","format-standard","has-post-thumbnail","hentry","category-destacadas","category-general","category-noticias-de-hidalgo"],"_links":{"self":[{"href":"https:\/\/plazajuarez.mx\/historico\/wp-json\/wp\/v2\/posts\/267514","targetHints":{"allow":["GET"]}}],"collection":[{"href":"https:\/\/plazajuarez.mx\/historico\/wp-json\/wp\/v2\/posts"}],"about":[{"href":"https:\/\/plazajuarez.mx\/historico\/wp-json\/wp\/v2\/types\/post"}],"author":[{"embeddable":true,"href":"https:\/\/plazajuarez.mx\/historico\/wp-json\/wp\/v2\/users\/93"}],"replies":[{"embeddable":true,"href":"https:\/\/plazajuarez.mx\/historico\/wp-json\/wp\/v2\/comments?post=267514"}],"version-history":[{"count":0,"href":"https:\/\/plazajuarez.mx\/historico\/wp-json\/wp\/v2\/posts\/267514\/revisions"}],"wp:featuredmedia":[{"embeddable":true,"href":"https:\/\/plazajuarez.mx\/historico\/wp-json\/wp\/v2\/media\/267515"}],"wp:attachment":[{"href":"https:\/\/plazajuarez.mx\/historico\/wp-json\/wp\/v2\/media?parent=267514"}],"wp:term":[{"taxonomy":"category","embeddable":true,"href":"https:\/\/plazajuarez.mx\/historico\/wp-json\/wp\/v2\/categories?post=267514"},{"taxonomy":"post_tag","embeddable":true,"href":"https:\/\/plazajuarez.mx\/historico\/wp-json\/wp\/v2\/tags?post=267514"}],"curies":[{"name":"wp","href":"https:\/\/api.w.org\/{rel}","templated":true}]}}