{"id":2675,"date":"2015-03-22T06:00:00","date_gmt":"2015-03-22T06:00:00","guid":{"rendered":"http:\/\/plazajuarez.mx\/index\/index.php\/2015\/03\/22\/llevan-a-bobbi-a-otro-hospital-no-mejora\/"},"modified":"2015-03-22T06:00:00","modified_gmt":"2015-03-22T06:00:00","slug":"llevan-a-bobbi-a-otro-hospital-no-mejora","status":"publish","type":"post","link":"https:\/\/plazajuarez.mx\/historico\/llevan-a-bobbi-a-otro-hospital-no-mejora\/","title":{"rendered":"Llevan a Bobbi a otro hospital; no mejora\u00a0\u00a0\u00a0\u00a0\u00a0\u00a0\u00a0\u00a0\u00a0\u00a0"},"content":{"rendered":"<p>Aun cuando se encuentra en coma, la hija de Whitney Houston fue trasladada del hospital de la Universidad Emory a un centro de rehabilitaci\u00f3n m\u00e9dica.<\/p>\n<p>  <!--more-->  <\/p>\n<p>\u00a0<\/p>\n<p>De acuerdo con x17online, Bobbi Kristina Brown no presenta mejor\u00eda m\u00e1s de un mes despu\u00e9s de ser encontrada inconsciente en la ba\u00f1era de su casa. Aunque m\u00e9dicos trataron de sacarla del coma una vez m\u00e1s esta semana, la joven de 22 a\u00f1os empez\u00f3 a mostrar problemas. El tubo para respirar que ten\u00eda en su garganta fue desplazado hacia el cuello como parte de la preparaci\u00f3n para el tratamiento que recibir\u00e1 en el centro. La familia de Bobbi a\u00fan espera un milagro.<\/p>\n","protected":false},"excerpt":{"rendered":"<p>Aun cuando se encuentra en coma, la hija de Whitney Houston fue trasladada del hospital de la Universidad Emory a un centro de rehabilitaci\u00f3n m\u00e9dica.<\/p>\n","protected":false},"author":93,"featured_media":0,"comment_status":"open","ping_status":"open","sticky":false,"template":"","format":"standard","meta":{"footnotes":""},"categories":[38],"tags":[],"class_list":["post-2675","post","type-post","status-publish","format-standard","hentry","category-show"],"_links":{"self":[{"href":"https:\/\/plazajuarez.mx\/historico\/wp-json\/wp\/v2\/posts\/2675","targetHints":{"allow":["GET"]}}],"collection":[{"href":"https:\/\/plazajuarez.mx\/historico\/wp-json\/wp\/v2\/posts"}],"about":[{"href":"https:\/\/plazajuarez.mx\/historico\/wp-json\/wp\/v2\/types\/post"}],"author":[{"embeddable":true,"href":"https:\/\/plazajuarez.mx\/historico\/wp-json\/wp\/v2\/users\/93"}],"replies":[{"embeddable":true,"href":"https:\/\/plazajuarez.mx\/historico\/wp-json\/wp\/v2\/comments?post=2675"}],"version-history":[{"count":0,"href":"https:\/\/plazajuarez.mx\/historico\/wp-json\/wp\/v2\/posts\/2675\/revisions"}],"wp:attachment":[{"href":"https:\/\/plazajuarez.mx\/historico\/wp-json\/wp\/v2\/media?parent=2675"}],"wp:term":[{"taxonomy":"category","embeddable":true,"href":"https:\/\/plazajuarez.mx\/historico\/wp-json\/wp\/v2\/categories?post=2675"},{"taxonomy":"post_tag","embeddable":true,"href":"https:\/\/plazajuarez.mx\/historico\/wp-json\/wp\/v2\/tags?post=2675"}],"curies":[{"name":"wp","href":"https:\/\/api.w.org\/{rel}","templated":true}]}}