{"id":26709,"date":"2016-08-15T13:11:14","date_gmt":"2016-08-15T13:11:14","guid":{"rendered":"http:\/\/plazajuarez.mx\/index\/index.php\/2016\/08\/15\/acusan-de-robo-de-ganado-y-lo-obligan-a-pagar-25-mil-pesos\/"},"modified":"2016-08-15T13:11:14","modified_gmt":"2016-08-15T13:11:14","slug":"acusan-de-robo-de-ganado-y-lo-obligan-a-pagar-25-mil-pesos","status":"publish","type":"post","link":"https:\/\/plazajuarez.mx\/historico\/acusan-de-robo-de-ganado-y-lo-obligan-a-pagar-25-mil-pesos\/","title":{"rendered":"Acusan de robo de ganado y lo obligan a pagar 25 mil pesos"},"content":{"rendered":"<p>IXMIQUILPAN\u00a0 <br \/>*POR USOS Y COSTUMBRES<\/p>\n<p>  <!--more-->  <\/p>\n<p>Vecinos de la comunidad de El Alberto, retuvieron a un hombre, al cual acusaron de haber intentado robar borregos a una familia del poblado, por lo cual lo mantuvieron secuestrado varias horas.<\/p>\n<p>Hasta el cierre de esta edici\u00f3n, el hombre, vecino del municipio de Progreso de Obreg\u00f3n, permanec\u00eda retenido en la delegaci\u00f3n de la comunidad, mismo al que se le exig\u00eda el pago de 25 mil pesos como parte de una cuota de castigo, basados en sus usos y costumbres. <\/p>\n<p>Miguel Torres Mart\u00ednez, de 43 a\u00f1os de edad, explic\u00f3 a los vecinos, que no fue su intenci\u00f3n robar ganado, que \u00e9l acudi\u00f3 a El Alberto, para comprar granadas, debido que se dedica al comercio de este fruto de temporada. <\/p>\n<p>La Subsecretar\u00eda de Gobierno no intervino, debido a que las negociaciones para la liberaci\u00f3n de esta persona, las estaba llevando su esposa. Los vecinos, pidieron, que si el gobierno del estado \u201cmete las narices\u201d, entonces tambi\u00e9n aportar\u00e1 los 25 mil pesos. <\/p>\n<p>\u00a0Por su parte, la presidencia municipal no se inmiscuy\u00f3 en este tema, incluso la polic\u00eda del ayuntamiento, se mantuvo al margen del problema, debido a que la comunidad no pidi\u00f3 su intervenci\u00f3n.<\/p>\n<p>En la regi\u00f3n de El Mezquital, pr\u00e1cticamente en todos los municipios, los vecinos aplican sus usos y costumbres contra los presuntos delincuentes, a quienes aplican medidas de apremio, que van desde golpes, exhibici\u00f3n en espacios p\u00fablicos, adem\u00e1s de sanciones econ\u00f3micas. <\/p>\n<p>Entre los casos m\u00e1s importantes, fueron los ocurridos en el 2014 en el mes de agosto, cuando dos presuntos asaltantes, fueron retenidos y exhibidos por vecinos de Cerritos Remedios, uno de ellos muri\u00f3 m\u00e1s tarde, debido a los golpes recibidos. <\/p>\n<p>En la comunidad de San Antonio Zaragoza en el municipio de San Salvador, el a\u00f1o pasado, tambi\u00e9n dos hombres fueron golpeados y encarcelados en el poblado, adem\u00e1s les incendiaron un auto compacto y los obligaron a pagar 22 mil pesos. Posteriormente se dio a conocer, que no eran delincuentes, sino por un mal entendido de un comerciante, quien azuz\u00f3 a la poblaci\u00f3n para retenerlos y casi lincharlos.<\/p>\n","protected":false},"excerpt":{"rendered":"<p>IXMIQUILPAN\u00a0 *POR USOS Y COSTUMBRES<\/p>\n","protected":false},"author":93,"featured_media":0,"comment_status":"open","ping_status":"open","sticky":false,"template":"","format":"standard","meta":{"footnotes":""},"categories":[40],"tags":[],"class_list":["post-26709","post","type-post","status-publish","format-standard","hentry","category-region"],"_links":{"self":[{"href":"https:\/\/plazajuarez.mx\/historico\/wp-json\/wp\/v2\/posts\/26709","targetHints":{"allow":["GET"]}}],"collection":[{"href":"https:\/\/plazajuarez.mx\/historico\/wp-json\/wp\/v2\/posts"}],"about":[{"href":"https:\/\/plazajuarez.mx\/historico\/wp-json\/wp\/v2\/types\/post"}],"author":[{"embeddable":true,"href":"https:\/\/plazajuarez.mx\/historico\/wp-json\/wp\/v2\/users\/93"}],"replies":[{"embeddable":true,"href":"https:\/\/plazajuarez.mx\/historico\/wp-json\/wp\/v2\/comments?post=26709"}],"version-history":[{"count":0,"href":"https:\/\/plazajuarez.mx\/historico\/wp-json\/wp\/v2\/posts\/26709\/revisions"}],"wp:attachment":[{"href":"https:\/\/plazajuarez.mx\/historico\/wp-json\/wp\/v2\/media?parent=26709"}],"wp:term":[{"taxonomy":"category","embeddable":true,"href":"https:\/\/plazajuarez.mx\/historico\/wp-json\/wp\/v2\/categories?post=26709"},{"taxonomy":"post_tag","embeddable":true,"href":"https:\/\/plazajuarez.mx\/historico\/wp-json\/wp\/v2\/tags?post=26709"}],"curies":[{"name":"wp","href":"https:\/\/api.w.org\/{rel}","templated":true}]}}