{"id":26708,"date":"2016-08-15T13:10:36","date_gmt":"2016-08-15T13:10:36","guid":{"rendered":"http:\/\/plazajuarez.mx\/index\/index.php\/2016\/08\/15\/concretaran-donacion-de-predio-para-la-utec\/"},"modified":"2016-08-15T13:10:36","modified_gmt":"2016-08-15T13:10:36","slug":"concretaran-donacion-de-predio-para-la-utec","status":"publish","type":"post","link":"https:\/\/plazajuarez.mx\/historico\/concretaran-donacion-de-predio-para-la-utec\/","title":{"rendered":"Concretar\u00e1n donaci\u00f3n de predio para la Utec"},"content":{"rendered":"<p>TULANCINGO<\/p>\n<p>*La Universidad Tecnol\u00f3gica de Tulancingo contar\u00e1 con siete hect\u00e1reas para creaci\u00f3n de una sede, en la comunidad de Santa Mar\u00eda Nativitas<\/p>\n<p>  <!--more-->  <\/p>\n<p>Antes de culminar el mes de agosto, o la presente administraci\u00f3n, la Universidad Tecnol\u00f3gica de Tulancingo (Utec) podr\u00eda contar con la posesi\u00f3n jur\u00eddica de un predio de siete hect\u00e1reas, donado por ejidatarios de la comunidad de Santa Mar\u00eda Nativitas y gestionado por el alcalde Gerardo Olmedo Arista en Cuautepec, para la sede de esta universidad en dicho municipio.<\/p>\n<p>Al respecto, el rector de la instituci\u00f3n de nivel superior, Santiago Cruz Lemus, indic\u00f3 que el espacio en donaci\u00f3n es suficiente para garantizar la construcci\u00f3n de un plantel y su ampliaci\u00f3n a futuro,\u00a0 ya que la sede ubicada en Huehuetla cuenta con tres hect\u00e1reas.<\/p>\n<p>\u201cEl desarrollo de la sede de la Utec en Cuautepec se garantiza hasta por 15 a\u00f1os, posterior a ello se podr\u00eda pensar en una ampliaci\u00f3n\u201d, detall\u00f3.<\/p>\n<p>Cruz Lemus manifest\u00f3 que por el momento no se cuenta con el proyecto de edificaci\u00f3n y mucho menos el costo que implicar\u00eda la construcci\u00f3n de este, ya que las reglas de operaci\u00f3n de los programas federales y estatales, solo contemplan beneficios para espacios con los que se cuenta escrituraci\u00f3n o posesi\u00f3n.<\/p>\n<p>\u201cAl ser \u00fanicamente una extensi\u00f3n de la universidad, la gesti\u00f3n se realizar\u00eda para la Utec y posterior a ello destinarlo a la sede, en donde se solicitar\u00e1 el apoyo de la alcald\u00eda y del gobierno estatal y federal\u201d anunci\u00f3.<\/p>\n<p>Actualmente, dijo,\u00a0 son cien estudiantes los que conforman la plantilla educativa en la Utec sede Cuautepec, y para este ciclo escolar se prev\u00e9 aumentar 40 m\u00e1s.<\/p>\n<p>Expuso que dada la demanda que existe en algunas carreras, podr\u00eda ofertarse en dicha sede una extensi\u00f3n con modalidad de\u00a0 t\u00e9cnicas superior universitarias, para que las licenciaturas se puedan concluir en las instalaciones ubicadas en Tulancingo. <\/p>\n<p>Por el momento se imparten clases en un recinto ubicado a un costado del auditorio municipal, con las carreras en desarrollo de negocios, ingenier\u00eda, criminal\u00edstica y el objetivo ser\u00eda llevar enfermer\u00eda<\/p>\n","protected":false},"excerpt":{"rendered":"<p>TULANCINGO *La Universidad Tecnol\u00f3gica de Tulancingo contar\u00e1 con siete hect\u00e1reas para creaci\u00f3n de una sede, en la comunidad de Santa Mar\u00eda Nativitas<\/p>\n","protected":false},"author":93,"featured_media":0,"comment_status":"open","ping_status":"open","sticky":false,"template":"","format":"standard","meta":{"footnotes":""},"categories":[40],"tags":[],"class_list":["post-26708","post","type-post","status-publish","format-standard","hentry","category-region"],"_links":{"self":[{"href":"https:\/\/plazajuarez.mx\/historico\/wp-json\/wp\/v2\/posts\/26708","targetHints":{"allow":["GET"]}}],"collection":[{"href":"https:\/\/plazajuarez.mx\/historico\/wp-json\/wp\/v2\/posts"}],"about":[{"href":"https:\/\/plazajuarez.mx\/historico\/wp-json\/wp\/v2\/types\/post"}],"author":[{"embeddable":true,"href":"https:\/\/plazajuarez.mx\/historico\/wp-json\/wp\/v2\/users\/93"}],"replies":[{"embeddable":true,"href":"https:\/\/plazajuarez.mx\/historico\/wp-json\/wp\/v2\/comments?post=26708"}],"version-history":[{"count":0,"href":"https:\/\/plazajuarez.mx\/historico\/wp-json\/wp\/v2\/posts\/26708\/revisions"}],"wp:attachment":[{"href":"https:\/\/plazajuarez.mx\/historico\/wp-json\/wp\/v2\/media?parent=26708"}],"wp:term":[{"taxonomy":"category","embeddable":true,"href":"https:\/\/plazajuarez.mx\/historico\/wp-json\/wp\/v2\/categories?post=26708"},{"taxonomy":"post_tag","embeddable":true,"href":"https:\/\/plazajuarez.mx\/historico\/wp-json\/wp\/v2\/tags?post=26708"}],"curies":[{"name":"wp","href":"https:\/\/api.w.org\/{rel}","templated":true}]}}