{"id":26707,"date":"2016-08-15T13:10:04","date_gmt":"2016-08-15T13:10:04","guid":{"rendered":"http:\/\/plazajuarez.mx\/index\/index.php\/2016\/08\/15\/recientes-lluvias-afectaron-areas-de-la-unidad-deportiva\/"},"modified":"2016-08-15T13:10:04","modified_gmt":"2016-08-15T13:10:04","slug":"recientes-lluvias-afectaron-areas-de-la-unidad-deportiva","status":"publish","type":"post","link":"https:\/\/plazajuarez.mx\/historico\/recientes-lluvias-afectaron-areas-de-la-unidad-deportiva\/","title":{"rendered":"Recientes lluvias afectaron \u00e1reas de la Unidad Deportiva"},"content":{"rendered":"<p>TULANCINGO <\/p>\n<p>*Alrededor de 500\u00a0 alumnos perdieron sus clases de nataci\u00f3n\u00a0 por da\u00f1os a la alberca semiol\u00edmpica <\/p>\n<p>  <!--more-->  <\/p>\n<p>Debido a las fuertes lluvias del fin de semana anterior, que sacudieron en buena parte del estado y la regi\u00f3n, fueron afectadas algunas \u00e1reas como el gimnasio y la alberca semiol\u00edmpica de la unidad deportiva Javier Rojo G\u00f3mez, por lo cual se tuvieron que cerrar a los usuarios, con motivo de reparaciones.<br \/>Al respecto, el Secretario de Desarrollo Humano y Social, Heber Lara Garc\u00eda, indic\u00f3 que a lo largo de la semana pasada se han llevado a cabo dichas reparaciones, sobre todo en la alberca, la cual result\u00f3 m\u00e1s afectada; pero ser\u00e1 este mismo lunes cuando se reestablezca el servicio. <br \/>Por tal motivo, tuvieron que ser suspendidas las clases de nataci\u00f3n que ofrece el espacio deportivo en Tulancingo, a lo largo de toda la semana.<br \/>El secretario detall\u00f3 que debido a la cantidad de lluvia que inund\u00f3 parte del inmueble, en la secci\u00f3n de las bombas, se quem\u00f3 el motor de un par de \u00e9stas, mismas que tuvieron que ser reparadas por el proveedor de este servicio a presidencia municipal.<br \/>\u201cEl tema nos rebas\u00f3 y estamos a la espera de que nos regresen las bombas reparadas, colocarlas y poner en funcionamiento la alberca de la unidad deportiva\u201d, dijo Lara Garc\u00eda.<br \/>Asimismo, inform\u00f3 que la inundaci\u00f3n alcanz\u00f3 el gimnasio de usos m\u00faltiples que forma parte de las m\u00e1s de 20 \u00e1reas que existen en el sitio deportivo; sin embargo, \u00e9ste tambi\u00e9n recibi\u00f3 su propia atenci\u00f3n.<br \/>El funcionario lament\u00f3 que los 500 alumnos que hacen uso de la alberca, tuvieran que perder sus clases de dos horas a la semana en cada caso; sin embargo, adelant\u00f3 que las clases perdidas ser\u00e1n repuestas al finalizar el curso de nataci\u00f3n.<br \/>Explic\u00f3 que la inversi\u00f3n que representa la reparaci\u00f3n de las bombas ronda los 5 mil pesos, pero lo que atras\u00f3 la reactivaci\u00f3n fue que debieron trasladarse a otro sitio para su reparaci\u00f3n.<br \/>\u201cOfrecemos disculpas a los usuarios por las afectaciones derivadas de fen\u00f3menos naturales que escapan de nuestras manos, el lunes pr\u00f3ximo las instalaciones estar\u00e1n listas\u201d, comprometi\u00f3 Heber Lara Garc\u00eda\u201d, concluy\u00f3.<\/p>\n","protected":false},"excerpt":{"rendered":"<p>TULANCINGO *Alrededor de 500\u00a0 alumnos perdieron sus clases de nataci\u00f3n\u00a0 por da\u00f1os a la alberca semiol\u00edmpica<\/p>\n","protected":false},"author":93,"featured_media":0,"comment_status":"open","ping_status":"open","sticky":false,"template":"","format":"standard","meta":{"footnotes":""},"categories":[40],"tags":[],"class_list":["post-26707","post","type-post","status-publish","format-standard","hentry","category-region"],"_links":{"self":[{"href":"https:\/\/plazajuarez.mx\/historico\/wp-json\/wp\/v2\/posts\/26707","targetHints":{"allow":["GET"]}}],"collection":[{"href":"https:\/\/plazajuarez.mx\/historico\/wp-json\/wp\/v2\/posts"}],"about":[{"href":"https:\/\/plazajuarez.mx\/historico\/wp-json\/wp\/v2\/types\/post"}],"author":[{"embeddable":true,"href":"https:\/\/plazajuarez.mx\/historico\/wp-json\/wp\/v2\/users\/93"}],"replies":[{"embeddable":true,"href":"https:\/\/plazajuarez.mx\/historico\/wp-json\/wp\/v2\/comments?post=26707"}],"version-history":[{"count":0,"href":"https:\/\/plazajuarez.mx\/historico\/wp-json\/wp\/v2\/posts\/26707\/revisions"}],"wp:attachment":[{"href":"https:\/\/plazajuarez.mx\/historico\/wp-json\/wp\/v2\/media?parent=26707"}],"wp:term":[{"taxonomy":"category","embeddable":true,"href":"https:\/\/plazajuarez.mx\/historico\/wp-json\/wp\/v2\/categories?post=26707"},{"taxonomy":"post_tag","embeddable":true,"href":"https:\/\/plazajuarez.mx\/historico\/wp-json\/wp\/v2\/tags?post=26707"}],"curies":[{"name":"wp","href":"https:\/\/api.w.org\/{rel}","templated":true}]}}