{"id":26700,"date":"2016-08-14T16:08:28","date_gmt":"2016-08-14T16:08:28","guid":{"rendered":"http:\/\/plazajuarez.mx\/index\/index.php\/2016\/08\/14\/retumba-el-apellido-de-calero-en-el-hidalgo\/"},"modified":"2016-08-14T16:08:28","modified_gmt":"2016-08-14T16:08:28","slug":"retumba-el-apellido-de-calero-en-el-hidalgo","status":"publish","type":"post","link":"https:\/\/plazajuarez.mx\/historico\/retumba-el-apellido-de-calero-en-el-hidalgo\/","title":{"rendered":"RETUMBA EL APELLIDO DE CALERO EN EL HIDALGO"},"content":{"rendered":"<p dir=\"ltr\" style=\"line-height: 1.295; margin-top: 0pt; margin-bottom: 12pt; text-align: justify;\">\u00a0<\/p>\n<p dir=\"ltr\" style=\"line-height: 1.295; margin-top: 0pt; margin-bottom: 12pt; text-align: justify;\"><span style=\"font-size: 16px; font-family: Arial; color: #242424; background-color: transparent; font-weight: 400; font-style: normal; font-variant: normal; text-decoration: none; vertical-align: baseline; white-space: pre-wrap;\">Con apellido de distinci\u00f3n de guardameta, pero \u00e9l delantero de posici\u00f3n, Juan Jos\u00e9 Calero, hijo del m\u00edtico portero del Pachuca, se estren\u00f3 como goleador en la Liga MX y vaya de qu\u00e9 manera.<\/span><\/p>\n<p>  <!--more-->  <\/p>\n<p dir=\"ltr\" style=\"line-height: 1.295; margin-top: 0pt; margin-bottom: 12pt; text-align: justify;\"><span style=\"font-size: 16px; font-family: Arial; color: #242424; background-color: transparent; font-weight: 400; font-style: normal; font-variant: normal; text-decoration: none; vertical-align: baseline; white-space: pre-wrap;\">El joven atacante entr\u00f3 al 67&#8242; y al minuto siguiente marc\u00f3 el 2-0 sobre Pumas, el primero de su carrera, a pesar de que tiene apenas 17 a\u00f1os de edad.<\/span><\/p>\n<p dir=\"ltr\" style=\"line-height: 1.295; margin-top: 0pt; margin-bottom: 12pt; text-align: justify;\"><span style=\"font-size: 16px; font-family: Arial; color: #242424; background-color: transparent; font-weight: 400; font-style: normal; font-variant: normal; text-decoration: none; vertical-align: baseline; white-space: pre-wrap;\">El gol lo marc\u00f3 con un disparo al l\u00edmite del \u00e1rea que pas\u00f3 por el poste derecho del Pikol\u00edn Palacios. Al 75&#8242; anot\u00f3 su segundo, al empujar un rechace del portero de los universitarios.<\/span><\/p>\n<p dir=\"ltr\" style=\"line-height: 1.295; margin-top: 0pt; margin-bottom: 12pt; text-align: justify;\"><span style=\"font-size: 16px; font-family: Arial; color: #242424; background-color: transparent; font-weight: 400; font-style: normal; font-variant: normal; text-decoration: none; vertical-align: baseline; white-space: pre-wrap;\">Y por si fuera poco, Juan Jos\u00e9 tambi\u00e9n provoc\u00f3 penal al 67&#8242; que habr\u00eda sido el cuarto para los Tuzos, sin embargo el Pikol\u00edn se luci\u00f3 al deten\u00e9rselo a Jonathan Urretaviscaya.<\/span><\/p>\n<p dir=\"ltr\" style=\"line-height: 1.295; margin-top: 0pt; margin-bottom: 12pt; text-align: justify;\"><span style=\"font-size: 16px; font-family: Arial; color: #242424; background-color: transparent; font-weight: 400; font-style: normal; font-variant: normal; text-decoration: none; vertical-align: baseline; white-space: pre-wrap;\">Calero debut\u00f3 en Primera en el Apertura 2015 pero s\u00f3lo jug\u00f3 16 minutos. Desde ese momento altern\u00f3 actividad en la Sub-17 y Sub-20 de los hidalguenses. Finalmente,<\/span><span style=\"font-size: 14.666666666666666px; font-family: Arial; color: #242424; background-color: #ffffff; font-weight: 400; font-style: normal; font-variant: normal; text-decoration: none; vertical-align: baseline; white-space: pre-wrap;\">\u00a0Jos\u00e9 David Ram\u00edrez puso la l\u00e1pida para Pumas.<\/span><\/p>\n<p><span id=\"docs-internal-guid-a995c25a-89d0-0237-e020-626783376719\">\u00a0<\/span><\/p>\n","protected":false},"excerpt":{"rendered":"<p>\u00a0 Con apellido de distinci\u00f3n de guardameta, pero \u00e9l delantero de posici\u00f3n, Juan Jos\u00e9 Calero, hijo del m\u00edtico portero del Pachuca, se estren\u00f3 como goleador en la Liga MX y vaya de qu\u00e9 manera.<\/p>\n","protected":false},"author":3,"featured_media":0,"comment_status":"open","ping_status":"open","sticky":false,"template":"","format":"standard","meta":{"footnotes":""},"categories":[39],"tags":[],"class_list":["post-26700","post","type-post","status-publish","format-standard","hentry","category-deportiva"],"_links":{"self":[{"href":"https:\/\/plazajuarez.mx\/historico\/wp-json\/wp\/v2\/posts\/26700","targetHints":{"allow":["GET"]}}],"collection":[{"href":"https:\/\/plazajuarez.mx\/historico\/wp-json\/wp\/v2\/posts"}],"about":[{"href":"https:\/\/plazajuarez.mx\/historico\/wp-json\/wp\/v2\/types\/post"}],"author":[{"embeddable":true,"href":"https:\/\/plazajuarez.mx\/historico\/wp-json\/wp\/v2\/users\/3"}],"replies":[{"embeddable":true,"href":"https:\/\/plazajuarez.mx\/historico\/wp-json\/wp\/v2\/comments?post=26700"}],"version-history":[{"count":0,"href":"https:\/\/plazajuarez.mx\/historico\/wp-json\/wp\/v2\/posts\/26700\/revisions"}],"wp:attachment":[{"href":"https:\/\/plazajuarez.mx\/historico\/wp-json\/wp\/v2\/media?parent=26700"}],"wp:term":[{"taxonomy":"category","embeddable":true,"href":"https:\/\/plazajuarez.mx\/historico\/wp-json\/wp\/v2\/categories?post=26700"},{"taxonomy":"post_tag","embeddable":true,"href":"https:\/\/plazajuarez.mx\/historico\/wp-json\/wp\/v2\/tags?post=26700"}],"curies":[{"name":"wp","href":"https:\/\/api.w.org\/{rel}","templated":true}]}}