{"id":26699,"date":"2016-08-14T16:05:39","date_gmt":"2016-08-14T16:05:39","guid":{"rendered":"http:\/\/plazajuarez.mx\/index\/index.php\/2016\/08\/14\/cumple-la-carrera-en-conmemoracion-del-dia-del-veterinario\/"},"modified":"2016-08-14T16:05:39","modified_gmt":"2016-08-14T16:05:39","slug":"cumple-la-carrera-en-conmemoracion-del-dia-del-veterinario","status":"publish","type":"post","link":"https:\/\/plazajuarez.mx\/historico\/cumple-la-carrera-en-conmemoracion-del-dia-del-veterinario\/","title":{"rendered":"Cumple la carrera en conmemoraci\u00f3n del D\u00eda del Veterinario"},"content":{"rendered":"<p dir=\"ltr\" style=\"line-height: 1.2; margin-top: 5pt; margin-bottom: 5pt; text-align: justify;\">\u00a0<\/p>\n<p>\u00a0<\/p>\n<p dir=\"ltr\" style=\"line-height: 1.2; margin-top: 5pt; margin-bottom: 5pt; text-align: justify;\"><span style=\"font-size: 16px; font-family: Arial; color: #212121; background-color: transparent; font-weight: 400; font-style: normal; font-variant: normal; text-decoration: none; vertical-align: baseline; white-space: pre-wrap;\">En lo que fue un certamen lleno de emociones, se puso en marcha la primera carrera atl\u00e9tica organizada por el Colegio de M\u00e9dicos Veterinarios Zootecnistas del Estado, esto como parte de las celebraciones para conmemorar el D\u00eda del Veterinario, el cual se festeja el 17 de agosto, y donde se tuvo la participaci\u00f3n de m\u00e1s de 600 corredoras y corredores.<\/span><\/p>\n<p>  <!--more-->  <\/p>\n<p dir=\"ltr\" style=\"line-height: 1.2; margin-top: 5pt; margin-bottom: 5pt; text-align: justify;\"><span style=\"font-size: 16px; font-family: Arial; color: #212121; background-color: transparent; font-weight: 400; font-style: normal; font-variant: normal; text-decoration: none; vertical-align: baseline; white-space: pre-wrap;\">Asimismo, el banderazo de salida corri\u00f3 a cargo del presidente del Colegio de M\u00e9dicos Veterinarios de Hidalgo, Guillermo Hern\u00e1ndez Mej\u00eda, el cual fue a las 08:00 horas en el Complejo Deportivo Revoluci\u00f3n Mexicana.<\/span><\/p>\n<p dir=\"ltr\" style=\"line-height: 1.2; margin-top: 5pt; margin-bottom: 5pt; text-align: justify;\"><span style=\"font-size: 16px; font-family: Arial; color: #212121; background-color: transparent; font-weight: 400; font-style: normal; font-variant: normal; text-decoration: none; vertical-align: baseline; white-space: pre-wrap;\">Del mismo modo, las ganadoras en la categor\u00eda libre femenil cinco kil\u00f3metros fueron Anabel Vega, quien se llev\u00f3 el primer lugar con una marca de 19\u201920, seguida por M\u00f3nica Mendoza 20\u201937 y la tercera posici\u00f3n fue para Dulce Bautista con 20\u201954.<\/span><\/p>\n<p dir=\"ltr\" style=\"line-height: 1.2; margin-top: 5pt; margin-bottom: 5pt; text-align: justify;\"><span style=\"font-size: 16px; font-family: Arial; color: #212121; background-color: transparent; font-weight: 400; font-style: normal; font-variant: normal; text-decoration: none; vertical-align: baseline; white-space: pre-wrap;\">Mientras que en la varonil Ismael Hern\u00e1ndez lleg\u00f3 en primer lugar con tiempo de 16\u201913, el segundo sitio fue para Francisco Javier S\u00e1nchez con 16\u201933 y el tercer puesto lo obtuvo Ra\u00fal San Juan con 18\u201906.<\/span><\/p>\n<p dir=\"ltr\" style=\"line-height: 1.2; margin-top: 5pt; margin-bottom: 5pt; text-align: justify;\"><span style=\"font-size: 16px; font-family: Arial; color: #212121; background-color: transparent; font-weight: 400; font-style: normal; font-variant: normal; text-decoration: none; vertical-align: baseline; white-space: pre-wrap;\">En tanto, en los 10 kil\u00f3metros el primer sitio se lo adjudic\u00f3 Lorena Mateo con registro de 39\u201905, el segundo lugar fue para Astrid Arteaga con 53\u201946 y el tercer lugar para Karem Valdez al cronometrar 54\u201903.<\/span><\/p>\n<p dir=\"ltr\" style=\"line-height: 1.2; margin-top: 5pt; margin-bottom: 5pt; text-align: justify;\"><span style=\"font-size: 16px; font-family: Arial; color: #212121; background-color: transparent; font-weight: 400; font-style: normal; font-variant: normal; text-decoration: none; vertical-align: baseline; white-space: pre-wrap;\">Por su parte, Cristopher Escamilla conquist\u00f3 el primer puesto con una marca de 30\u201900, el segundo fue para Tom\u00e1s Copca con 31\u201926 y el tercer lugar fue de Jes\u00fas Estrada con 32\u201940.<\/span><\/p>\n<p dir=\"ltr\" style=\"line-height: 1.2; margin-top: 5pt; margin-bottom: 5pt; text-align: justify;\"><span style=\"font-size: 16px; font-family: Arial; color: #212121; background-color: transparent; font-weight: 400; font-style: normal; font-variant: normal; text-decoration: none; vertical-align: baseline; white-space: pre-wrap;\">Por otro lado, los ganadores recibieron un premio en efectivo que consisti\u00f3 en tres mil pesos para el primer sitio, dos mil pesos para el segundo y mil pesos para el tercer puesto, adem\u00e1s el comit\u00e9 organizador realiz\u00f3 una rifa de certificados de descuento entre los asistentes.<\/span><\/p>\n<p>\u00a0<\/p>\n<p dir=\"ltr\" style=\"line-height: 1.2; margin-top: 5pt; margin-bottom: 5pt; text-align: justify;\"><span style=\"font-size: 16px; font-family: Arial; color: #212121; background-color: transparent; font-weight: 400; font-style: normal; font-variant: normal; text-decoration: none; vertical-align: baseline; white-space: pre-wrap;\">\u00a0\u00a0<\/span><\/p>\n<p><span style=\"font-size: 16px; font-family: Arial; color: #212121; background-color: transparent; font-weight: 400; font-style: normal; font-variant: normal; text-decoration: none; vertical-align: baseline; white-space: pre-wrap;\">\u00a0<\/span><\/p>\n","protected":false},"excerpt":{"rendered":"<p>\u00a0 \u00a0 En lo que fue un certamen lleno de emociones, se puso en marcha la primera carrera atl\u00e9tica organizada por el Colegio de M\u00e9dicos Veterinarios Zootecnistas del Estado, esto como parte de las celebraciones para conmemorar el D\u00eda del Veterinario, el cual se festeja el 17 de agosto, y donde se tuvo la participaci\u00f3n [&hellip;]<\/p>\n","protected":false},"author":3,"featured_media":0,"comment_status":"open","ping_status":"open","sticky":false,"template":"","format":"standard","meta":{"footnotes":""},"categories":[39],"tags":[],"class_list":["post-26699","post","type-post","status-publish","format-standard","hentry","category-deportiva"],"_links":{"self":[{"href":"https:\/\/plazajuarez.mx\/historico\/wp-json\/wp\/v2\/posts\/26699","targetHints":{"allow":["GET"]}}],"collection":[{"href":"https:\/\/plazajuarez.mx\/historico\/wp-json\/wp\/v2\/posts"}],"about":[{"href":"https:\/\/plazajuarez.mx\/historico\/wp-json\/wp\/v2\/types\/post"}],"author":[{"embeddable":true,"href":"https:\/\/plazajuarez.mx\/historico\/wp-json\/wp\/v2\/users\/3"}],"replies":[{"embeddable":true,"href":"https:\/\/plazajuarez.mx\/historico\/wp-json\/wp\/v2\/comments?post=26699"}],"version-history":[{"count":0,"href":"https:\/\/plazajuarez.mx\/historico\/wp-json\/wp\/v2\/posts\/26699\/revisions"}],"wp:attachment":[{"href":"https:\/\/plazajuarez.mx\/historico\/wp-json\/wp\/v2\/media?parent=26699"}],"wp:term":[{"taxonomy":"category","embeddable":true,"href":"https:\/\/plazajuarez.mx\/historico\/wp-json\/wp\/v2\/categories?post=26699"},{"taxonomy":"post_tag","embeddable":true,"href":"https:\/\/plazajuarez.mx\/historico\/wp-json\/wp\/v2\/tags?post=26699"}],"curies":[{"name":"wp","href":"https:\/\/api.w.org\/{rel}","templated":true}]}}